{"id":733862,"date":"2015-03-09T12:58:05","date_gmt":"2015-03-09T11:58:05","guid":{"rendered":"https:\/\/dailynewshungary.com\/it\/orban-dice-agli-inviati-che-lungheria-deve-perseguire-una-politica-estera-indipendente-che-si-adatti-al-nuovo-ordine-mondiale\/"},"modified":"2015-03-09T12:58:05","modified_gmt":"2015-03-09T11:58:05","slug":"orban-dice-agli-inviati-che-lungheria-deve-perseguire-una-politica-estera-indipendente-che-si-adatti-al-nuovo-ordine-mondiale","status":"publish","type":"post","link":"https:\/\/dailynewshungary.com\/it\/orban-dice-agli-inviati-che-lungheria-deve-perseguire-una-politica-estera-indipendente-che-si-adatti-al-nuovo-ordine-mondiale\/","title":{"rendered":"Orban dice agli inviati che l\u2019Ungheria deve perseguire una politica estera indipendente che si adatti al nuovo ordine mondiale"},"content":{"rendered":"<p><strong>Budapest, 9 marzo (MTI) 9 Resta l&#8217;aspettativa che la politica estera ungherese si adegui al nuovo ordine mondiale e lo comprenda, ma allo stesso tempo l&#8217;Ungheria dovrebbe perseguire una politica indipendente, ha affermato il primo ministro Viktor Orban.<\/strong><\/p>\n<p>Rivolgendosi luned\u00ec agli ambasciatori ungheresi in una riunione straordinaria, il primo ministro ha affermato che il perseguimento di una politica estera indipendente potrebbe essere a volte una riconferma scomoda, ma dovrebbero abituarsi.<\/p>\n<p>Il primo ministro ha detto di aver incontrato ambasciatori che avevano trovato problematico il fatto che non piacessero nel paese in cui erano di stanza perch\u00e9 dovevano rappresentare il punto di vista secondo cui l&#8217;Ungheria, in alcuni casi, non era d&#8217;accordo con le politiche di quello stato.<\/p>\n<p>Orban ha detto agli ambasciatori che l&#8217;Ungheria fa parte dell&#8217;Occidente, e non ha senso creare un&#8217;opposizione tra l&#8217;integrazione occidentale e l&#8217;apertura verso est o sud. Non esiste l&#8217;apertura all&#8217;Ovest\u201d poich\u00e9 l&#8217;Ungheria ne fa gi\u00e0 parte; contrapporre l&#8217;integrazione occidentale alla politica di apertura verso est o sud \u201cmanca di tutto il senso possibile.\u201d La parte pi\u00f9 ovvia dell&#8217;integrazione occidentale oggi \u00e8 far parte delle coalizioni militari occidentali, ha detto, aggiungendo che una proposta sarebbe essere presentato al parlamento ungherese affinch\u00e9 il paese si unisca alla coalizione occidentale nella lotta contro lo Stato islamico.<\/p>\n<p>In tema di cooperazione centro europea, Orban ha detto che questa \u201ccomunit\u00e0 di fates\u201d \u00e8 importante per l&#8217;Ungheria quasi quanto i suoi stessi interessi nazionali Tuttavia, ha detto che al centro della politica estera dell&#8217;Ungheria c&#8217;\u00e8 ancora l&#8217;interesse nazionale ungherese Ha chiesto agli inviati di trovare modi per rendere i paesi pesanti interessati al successo dell&#8217;Ungheria.<\/p>\n<p>Gli inviati dovrebbero mostrare un tipo realista e commerciale di \u201csmartness\u201d piuttosto che assumere un atteggiamento cerebrale nei confronti della diplomazia, ha detto Orban. Gli interessi economici e commerciali dell&#8217;Ungheria devono essere serviti. Molti paesi occidentali sono molto pi\u00f9 bravi dell&#8217;Ungheria, ha aggiunto. La politica estera ungherese ha sempre avuto una vena elitaria ma oggi viene valorizzata una diversa qualit\u00e0 della conoscenza, ha detto Orban.<\/p>\n<p><a href=\"https:\/\/dailynewshungary.com\/wp-content\/uploads\/2015\/03\/orba.jpeg\" data-pswp-width=\"\" data-pswp-height=\"\" data-cropped=\"true\"><img loading=\"lazy\" decoding=\"async\" class=\" size-full wp-image-15067 aligncenter\" src=\"https:\/\/dailynewshungary.com\/wp-content\/uploads\/2015\/03\/orba.jpeg\" alt=\"orba\" width=\"600\" height=\"399\" srcset=\"https:\/\/contentf5.dailynewshungary.com\/wp-content\/uploads\/2015\/03\/orba.jpeg 600w, https:\/\/contentf5.dailynewshungary.com\/wp-content\/uploads\/2015\/03\/orba-300x200.jpeg 300w\" sizes=\"auto, (max-width: 600px) 100vw, 600px\"><\/a><\/p>\n<p>Gli inviati dell&#8217;Ungheria hanno un ruolo importante nel garantire che il paese abbia ancora pi\u00f9 successo nel prossimo periodo, ha affermato il ministro degli Esteri Peter Szijjarto all&#8217;inizio dell&#8217;incontro di due giorni.<\/p>\n<p>Ha detto che il motivo per cui ora si tengono due incontri all&#8217;anno invece di uno solo in passato \u00e8 che i cambiamenti in atto nel mondo stanno accelerando e molti sviluppi sono sempre pi\u00f9 imprevedibili.<\/p>\n<p>Notando la nuova politica estera dell&#8217;Ungheria orientata al commercio, ha detto che vale la pena ora rivedere ci\u00f2 che \u00e8 stato realizzato come risultato e cosa deve essere fatto per rendere questi risultati ancora migliori Gli ambasciatori, ha aggiunto, hanno un grande ruolo da svolgere in questo.<\/p>\n<p>Orban ha detto che l&#8217;apertura dell&#8217;Ungheria verso est \u00e8 avvenuta e \u201cla porta \u00e8 aperta\u201d e ora \u00e8 il momento di prendere una direzione diversa e rivolgersi ai paesi del Sud, dell&#8217;Africa e dell&#8217;America Latina. Ha detto che se l&#8217;Africa riuscir\u00e0 a stabilizzarsi, ci\u00f2 produrr\u00e0 grandi opportunit\u00e0 per l&#8217;economia globale. Il programma di politica estera di quest&#8217;anno si concentra principalmente sull&#8217;Asia, ma il ministro degli Esteri ha gi\u00e0 intrapreso l&#8217;apertura al Sud, ha detto, aggiungendo che le sue visite all&#8217;estero saranno dirette di conseguenza l&#8217;anno prossimo.<\/p>\n<p>In tema di cooperazione centro europea, Orban ha detto che questa \u201ccomunit\u00e0 di fates\u201d \u00e8 importante per l&#8217;Ungheria quasi quanto i suoi stessi interessi nazionali Tuttavia, ha detto che al centro della politica estera dell&#8217;Ungheria c&#8217;\u00e8 ancora l&#8217;interesse nazionale ungherese Ha chiesto agli inviati di trovare modi per rendere i paesi pesanti interessati al successo dell&#8217;Ungheria.<\/p>\n<p>Gli inviati dovrebbero mostrare un tipo realista e commerciale di \u201csmartness\u201d piuttosto che assumere un atteggiamento cerebrale nei confronti della diplomazia, ha detto Orban. Gli interessi economici e commerciali dell&#8217;Ungheria devono essere serviti. Molti paesi occidentali sono molto pi\u00f9 bravi dell&#8217;Ungheria, ha aggiunto. La politica estera ungherese ha sempre avuto una vena elitaria ma oggi viene valorizzata una diversa qualit\u00e0 della conoscenza, ha detto Orban.<\/p>\n<p>I socialisti dell&#8217;opposizione hanno detto in risposta alle osservazioni di Orban che il primo ministro ha \u201cumiliato i diplomatici ungheresi.<\/p>\n<p>Attila Mesterhazy, del gabinetto degli affari esteri del Partito socialista, ha affermato in una dichiarazione che l&#8217;approccio del governo all&#8217;economia estera manca di qualsiasi valore della diplomazia classica\u201d e si aspetta che i diplomatici siano semplicemente \u201cvendite persone\u201d piuttosto che \u201cdiplomatici con idee e capacit\u00e0 analitiche\u201d.<\/p>\n<p>La politica di apertura dell&#8217;est dell&#8217;Ungheria \u00e8 stata un fallimento, perch\u00e9 il fatturato del commercio con la maggior parte dei paesi \u00e8 diminuito, ha insistito Mesterhazy.<\/p>\n<p>Secondo il Partito Liberale, l&#8217;Ungheria ha avuto meglio risolvere i problemi con i suoi \u201camici e alleati\u201d piuttosto che imbarcarsi in politiche di apertura orientale o meridionale, ha detto il presidente del partito Gabor Fodor Ha sostenuto che l&#8217;Ungheria, dal 2010, ha \u201craccolti avversari piuttosto che alleati\u201d Il paese ha infatti bisogno di adattarsi a un ordine mondiale in evoluzione, ma prima dovrebbe rafforzare la sua alleanza con l&#8217;UE e la NATO, ha aggiunto.<\/p>\n<p>Il partito Egyutt (Insieme) ha affermato che la necessit\u00e0 di tenere una riunione straordinaria sei mesi dopo la riunione ordinaria indica di per s\u00e9 che la politica annunciata in agosto \u00e8 fallita Come esempio per i fallimenti del governo negli ultimi mesi, il membro del consiglio di amministrazione di Egyutt Nora Hajdu ha fatto riferimento alle reazioni internazionali alla visita di Budapest del presidente russo Vladimir Putin, ai colloqui di Orban sulla revoca estremamente infruttuosi a Varsavia e a una chill\u201d senza precedenti nelle relazioni Ungheria-USA.<\/p>\n<p>Hajdu ha affermato che la serie di fallimenti \u00e8 radicata nel fallimento di Orban nel riconoscere i rischi legati alla crisi ucraina e nel dare indicazioni sbagliate ai legami dell&#8217;Ungheria con la Russia. Ha anche incolpato il governo per i massicci licenziamenti del Ministero degli Esteri e ha insistito sul fatto che i nuovi e giovani diplomatici ungheresi mancano sia delle competenze necessarie che della rete di rottami, e ha chiesto di sostituire il ministro degli Esteri.<\/p>\n<p>Il nazionalista radicale Jobbik ha accolto con favore l&#8217;\u201c del governo che riconosce che lo spazio di manovra dell&#8217;Ungheria \u00e8 determinato da pi\u00f9 di un pole\u201d.<\/p>\n<p>Marton Gyongyosi, vice capogruppo di Jobbik, ha interpretato le osservazioni del primo ministro come se adottasse la posizione di Jobbik di concentrarsi sulla \u201c\u201d triangolo Germania-Turchia-Russia e di non limitare l&#8217;economia alle esportazioni delle aziende internazionali.<\/p>\n<p>D&#8217;altra parte, Jobbik \u201c respinge fermamente la\u201d Orban che sostiene \u201cla grande coalizione euro-atlantica degli ultimi 25 anni\u201d contro lo Stato islamico, ha detto Gyongyosi. \u201cNon possiamo fornire sostegno militare, poich\u00e9 [&#8230;] l&#8217;Occidente \u00e8 responsabile dell&#8217;emergere della revoca dello Stato islamico, ha insistito.<\/p>\n<p><em>Foto: MTI<\/em><\/p>\n","protected":false},"excerpt":{"rendered":"<p>Budapest, 9 marzo (MTI) 9 Resta l&#8217;aspettativa che la politica estera ungherese si adegui al nuovo ordine mondiale e lo comprenda, ma allo stesso tempo l&#8217;Ungheria dovrebbe perseguire una politica indipendente, ha affermato il primo ministro Viktor Orban. Rivolgendosi luned\u00ec agli ambasciatori ungheresi in una riunione straordinaria, il primo ministro ha affermato che il perseguimento [&hellip;]<\/p>\n","protected":false},"author":2,"featured_media":733863,"comment_status":"open","ping_status":"open","sticky":false,"template":"","format":"standard","meta":{"_display_image":"","footnotes":""},"categories":[1185],"tags":[1092,1083],"class_list":["post-733862","post","type-post","status-publish","format-standard","has-post-thumbnail","hentry","category-politica-in-ungheria","tag-ministero-degli-affari-esteri-dellungheria","tag-viktor-orban"],"blocksy_meta":[],"author_username":"alk","telegram_post":"","public_post_metadata":{"breaking_news":"","important":"","csempe":"","center_tile":"","disable_thumbnail":"","target_lang":"","_featured_image_style":"","telegram_post":"","_xlat_group_id":""},"public_rank_math_data":{"title":"%titolo% %sep% %nomesito%","description":"","focus_keyword":"","canonical_url":"","robots":"","primary_category":"1185","breadcrumb_title":"","facebook_title":"","facebook_description":"","facebook_image":"","facebook_image_id":"","twitter_title":"","twitter_description":"","twitter_image":"","twitter_image_id":"","twitter_card_type":"","twitter_use_facebook":"","advanced_robots":"","pillar_content":"","seo_score":"","contentai_score":"","rich_snippet":""},"_links":{"self":[{"href":"https:\/\/dailynewshungary.com\/it\/wp-json\/wp\/v2\/posts\/733862","targetHints":{"allow":["GET"]}}],"collection":[{"href":"https:\/\/dailynewshungary.com\/it\/wp-json\/wp\/v2\/posts"}],"about":[{"href":"https:\/\/dailynewshungary.com\/it\/wp-json\/wp\/v2\/types\/post"}],"author":[{"embeddable":true,"href":"https:\/\/dailynewshungary.com\/it\/wp-json\/wp\/v2\/users\/2"}],"replies":[{"embeddable":true,"href":"https:\/\/dailynewshungary.com\/it\/wp-json\/wp\/v2\/comments?post=733862"}],"version-history":[{"count":0,"href":"https:\/\/dailynewshungary.com\/it\/wp-json\/wp\/v2\/posts\/733862\/revisions"}],"wp:featuredmedia":[{"embeddable":true,"href":"https:\/\/dailynewshungary.com\/it\/wp-json\/wp\/v2\/media\/733863"}],"wp:attachment":[{"href":"https:\/\/dailynewshungary.com\/it\/wp-json\/wp\/v2\/media?parent=733862"}],"wp:term":[{"taxonomy":"category","embeddable":true,"href":"https:\/\/dailynewshungary.com\/it\/wp-json\/wp\/v2\/categories?post=733862"},{"taxonomy":"post_tag","embeddable":true,"href":"https:\/\/dailynewshungary.com\/it\/wp-json\/wp\/v2\/tags?post=733862"}],"curies":[{"name":"wp","href":"https:\/\/api.w.org\/{rel}","templated":true}]}}