{"id":734077,"date":"2015-02-24T10:20:29","date_gmt":"2015-02-24T09:20:29","guid":{"rendered":"https:\/\/dailynewshungary.com\/it\/elod-toaso-e-stato-condannato-per-terrorismo\/"},"modified":"2015-02-24T10:20:29","modified_gmt":"2015-02-24T09:20:29","slug":"elod-toaso-e-stato-condannato-per-terrorismo","status":"publish","type":"post","link":"https:\/\/dailynewshungary.com\/it\/elod-toaso-e-stato-condannato-per-terrorismo\/","title":{"rendered":"Elod Toaso \u00e8 stato condannato per terrorismo"},"content":{"rendered":"<p><strong>Secondo origo.hu, un tribunale boliviano ha condannato Elod Toaso e Mario Tadic, un boliviano-croato con doppia cittadinanza ad anni 10 mesi per complice nella rivolta armata di venerd\u00ec Il verdetto \u00e8 stato emesso nel quadro del patteggiamento Poich\u00e9 entrambi sono in custodia da quasi 6 anni, saranno rilasciati Il ministro degli Affari esteri ungherese vuole che Toaso torni a casa.<\/strong><\/p>\n<p>Il comando boliviano ha abbattuto il boliviano-ungherese-croato cittadino Eduardo Rozsa-Flores, nato in Bolivia, Arpad Magyarosi di Szovata, Transilvania e l&#8217;irlandese Michael Dwyer in una Santa Cruz che \u00e8 la roccaforte dell&#8217;opposizione locale hotel chiamato Las Americas il 1 aprile 2009 Era stato arrestato il croato-boliviano Mario Tadic e il cittadino ungherese-rumeno Elod Toaso.<\/p>\n<p>Le autorit\u00e0 boliviane sostengono che il gruppo aveva organizzato una cospirazione terroristica e volevano uccidere Evo Morales, presidente della Bolivia. I due sopravvissuti all&#8217;azione avrebbero dovuto essere rilasciati molto tempo fa perch\u00e9 secondo la legge boliviana nessuno pu\u00f2 essere tenuto in custodia per pi\u00f9 di 36 mesi.<\/p>\n<p>Nel frattempo, il Ministero degli Affari Esteri e del Commercio ungherese \u00e8 lieto che il rilascio di Elod Toaso sia molto vicino, dice origo.hu.<\/p>\n<p>Il Ministro Peter Szijjarto ha incaricato l&#8217;Ambasciatore e Console di Buenos Aires accreditato in Bolivia di agire personalmente presso le autorit\u00e0 locali per garantire che Toaso possa lasciare il Paese il prima possibile Il servizio consolare \u00e8 pronto a fornirgli l&#8217;assistenza tecnica necessaria.<\/p>\n<p><em>basato sull&#8217;articolo di origo.hu<br \/>\ntradotto da BA<\/em><\/p>\n<p><em>Foto: <span class=\"_r3\"><a class=\"_ZR irc_hol\" href=\"http:\/\/alfahir.hu\/korozik_a_toaso_elodot_megvadolo_korrupt_ugyeszt\" data-ved=\"0CAYQjB0\" target=\"_blank\" rel=\"noopener\"><span class=\"irc_ho\" dir=\"ltr\">alfahir.hu<\/span><\/a><\/span><\/em><\/p>\n","protected":false},"excerpt":{"rendered":"<p>Secondo origo.hu, un tribunale boliviano ha condannato Elod Toaso e Mario Tadic, un boliviano-croato con doppia cittadinanza ad anni 10 mesi per complice nella rivolta armata di venerd\u00ec Il verdetto \u00e8 stato emesso nel quadro del patteggiamento Poich\u00e9 entrambi sono in custodia da quasi 6 anni, saranno rilasciati Il ministro degli Affari esteri ungherese vuole [&hellip;]<\/p>\n","protected":false},"author":3,"featured_media":734078,"comment_status":"open","ping_status":"open","sticky":false,"template":"","format":"standard","meta":{"_display_image":"","footnotes":""},"categories":[1185],"tags":[1092],"class_list":["post-734077","post","type-post","status-publish","format-standard","has-post-thumbnail","hentry","category-politica-in-ungheria","tag-ministero-degli-affari-esteri-dellungheria"],"blocksy_meta":[],"author_username":"becsi","telegram_post":"","public_post_metadata":{"breaking_news":"","important":"","csempe":"","center_tile":"","disable_thumbnail":"","target_lang":"","_featured_image_style":"","telegram_post":"","_xlat_group_id":""},"public_rank_math_data":{"title":"%titolo% %sep% %nomesito%","description":"","focus_keyword":"","canonical_url":"","robots":"","primary_category":"1185","breadcrumb_title":"","facebook_title":"","facebook_description":"","facebook_image":"","facebook_image_id":"","twitter_title":"","twitter_description":"","twitter_image":"","twitter_image_id":"","twitter_card_type":"","twitter_use_facebook":"","advanced_robots":"","pillar_content":"","seo_score":"","contentai_score":"","rich_snippet":""},"_links":{"self":[{"href":"https:\/\/dailynewshungary.com\/it\/wp-json\/wp\/v2\/posts\/734077","targetHints":{"allow":["GET"]}}],"collection":[{"href":"https:\/\/dailynewshungary.com\/it\/wp-json\/wp\/v2\/posts"}],"about":[{"href":"https:\/\/dailynewshungary.com\/it\/wp-json\/wp\/v2\/types\/post"}],"author":[{"embeddable":true,"href":"https:\/\/dailynewshungary.com\/it\/wp-json\/wp\/v2\/users\/3"}],"replies":[{"embeddable":true,"href":"https:\/\/dailynewshungary.com\/it\/wp-json\/wp\/v2\/comments?post=734077"}],"version-history":[{"count":0,"href":"https:\/\/dailynewshungary.com\/it\/wp-json\/wp\/v2\/posts\/734077\/revisions"}],"wp:featuredmedia":[{"embeddable":true,"href":"https:\/\/dailynewshungary.com\/it\/wp-json\/wp\/v2\/media\/734078"}],"wp:attachment":[{"href":"https:\/\/dailynewshungary.com\/it\/wp-json\/wp\/v2\/media?parent=734077"}],"wp:term":[{"taxonomy":"category","embeddable":true,"href":"https:\/\/dailynewshungary.com\/it\/wp-json\/wp\/v2\/categories?post=734077"},{"taxonomy":"post_tag","embeddable":true,"href":"https:\/\/dailynewshungary.com\/it\/wp-json\/wp\/v2\/tags?post=734077"}],"curies":[{"name":"wp","href":"https:\/\/api.w.org\/{rel}","templated":true}]}}