{"id":734109,"date":"2015-02-21T07:50:37","date_gmt":"2015-02-21T06:50:37","guid":{"rendered":"https:\/\/dailynewshungary.com\/it\/jobbik-mette-in-guardia-i-criminali-che-entrano-in-ungheria-tra-i-migranti\/"},"modified":"2015-02-21T07:50:37","modified_gmt":"2015-02-21T06:50:37","slug":"jobbik-mette-in-guardia-i-criminali-che-entrano-in-ungheria-tra-i-migranti","status":"publish","type":"post","link":"https:\/\/dailynewshungary.com\/it\/jobbik-mette-in-guardia-i-criminali-che-entrano-in-ungheria-tra-i-migranti\/","title":{"rendered":"Jobbik mette in guardia i criminali che entrano in Ungheria tra i migranti"},"content":{"rendered":"<p><strong>Budapest (MTI) \u201c\u201d I cosiddetti rifugiati che entrano in Ungheria includono molti criminali e i rifugi per rifugiati sono pieni di elementi non identificabili, ha detto venerd\u00ec il deputato nazionalista radicale Jobbik Daniel Karpat.<\/strong><\/p>\n<p>Intervenendo al dibattito parlamentare sulla migrazione economica, ha sottolineato la necessit\u00e0 di ristabilire la guardia di frontiera e di non gestire pi\u00f9 rifugi aperti o semiaperti per i rifugiati nelle citt\u00e0 e nei villaggi.<\/p>\n<p>Karpat avvert\u00ec tutti di non equiparare i rifugiati ungheresi nel 1956, gli ungheresi etnici in Transcarpazia e i rifugiati politici ai criminali.<\/p>\n<p>\u201cColoro che sono realmente perseguitati dovrebbero essere protetti,\u201d ha detto.<\/p>\n<p><em>Foto: MTI<\/em><\/p>\n","protected":false},"excerpt":{"rendered":"<p>Budapest (MTI) \u201c\u201d I cosiddetti rifugiati che entrano in Ungheria includono molti criminali e i rifugi per rifugiati sono pieni di elementi non identificabili, ha detto venerd\u00ec il deputato nazionalista radicale Jobbik Daniel Karpat. Intervenendo al dibattito parlamentare sulla migrazione economica, ha sottolineato la necessit\u00e0 di ristabilire la guardia di frontiera e di non gestire [&hellip;]<\/p>\n","protected":false},"author":2,"featured_media":734110,"comment_status":"open","ping_status":"open","sticky":false,"template":"","format":"standard","meta":{"_display_image":"","footnotes":""},"categories":[1185],"tags":[1412,1291],"class_list":["post-734109","post","type-post","status-publish","format-standard","has-post-thumbnail","hentry","category-politica-in-ungheria","tag-jobbik","tag-migrazione"],"blocksy_meta":[],"author_username":"alk","telegram_post":"","public_post_metadata":{"breaking_news":"","important":"","csempe":"","center_tile":"","disable_thumbnail":"","target_lang":"","_featured_image_style":"","telegram_post":"","_xlat_group_id":""},"public_rank_math_data":{"title":"%titolo% %sep% %nomesito%","description":"","focus_keyword":"","canonical_url":"","robots":"","primary_category":"1185","breadcrumb_title":"","facebook_title":"","facebook_description":"","facebook_image":"","facebook_image_id":"","twitter_title":"","twitter_description":"","twitter_image":"","twitter_image_id":"","twitter_card_type":"","twitter_use_facebook":"","advanced_robots":"","pillar_content":"","seo_score":"","contentai_score":"","rich_snippet":""},"_links":{"self":[{"href":"https:\/\/dailynewshungary.com\/it\/wp-json\/wp\/v2\/posts\/734109","targetHints":{"allow":["GET"]}}],"collection":[{"href":"https:\/\/dailynewshungary.com\/it\/wp-json\/wp\/v2\/posts"}],"about":[{"href":"https:\/\/dailynewshungary.com\/it\/wp-json\/wp\/v2\/types\/post"}],"author":[{"embeddable":true,"href":"https:\/\/dailynewshungary.com\/it\/wp-json\/wp\/v2\/users\/2"}],"replies":[{"embeddable":true,"href":"https:\/\/dailynewshungary.com\/it\/wp-json\/wp\/v2\/comments?post=734109"}],"version-history":[{"count":0,"href":"https:\/\/dailynewshungary.com\/it\/wp-json\/wp\/v2\/posts\/734109\/revisions"}],"wp:featuredmedia":[{"embeddable":true,"href":"https:\/\/dailynewshungary.com\/it\/wp-json\/wp\/v2\/media\/734110"}],"wp:attachment":[{"href":"https:\/\/dailynewshungary.com\/it\/wp-json\/wp\/v2\/media?parent=734109"}],"wp:term":[{"taxonomy":"category","embeddable":true,"href":"https:\/\/dailynewshungary.com\/it\/wp-json\/wp\/v2\/categories?post=734109"},{"taxonomy":"post_tag","embeddable":true,"href":"https:\/\/dailynewshungary.com\/it\/wp-json\/wp\/v2\/tags?post=734109"}],"curies":[{"name":"wp","href":"https:\/\/api.w.org\/{rel}","templated":true}]}}