{"id":734115,"date":"2015-02-20T20:44:23","date_gmt":"2015-02-20T19:44:23","guid":{"rendered":"https:\/\/dailynewshungary.com\/it\/fidesz-norme-attuali-non-adatte-a-gestire-limmigrazione-clandestina\/"},"modified":"2015-02-20T20:44:23","modified_gmt":"2015-02-20T19:44:23","slug":"fidesz-norme-attuali-non-adatte-a-gestire-limmigrazione-clandestina","status":"publish","type":"post","link":"https:\/\/dailynewshungary.com\/it\/fidesz-norme-attuali-non-adatte-a-gestire-limmigrazione-clandestina\/","title":{"rendered":"Fidesz: Norme attuali non adatte a gestire l\u2019immigrazione clandestina"},"content":{"rendered":"<p><strong>Budapest, 2 febbraio (MTI) 2 Le autorit\u00e0 ungheresi non possono gestire l&#8217;immigrazione clandestina in base a norme efficaci che escludono per lo pi\u00f9 la detenzione di immigrati clandestini, ha detto venerd\u00ec Lajos Kosa, vice leader del governo Fidesz, in un dibattito parlamentare sull&#8217;argomento.<\/strong><\/p>\n<p>In una conferenza stampa tenutasi a margine del dibattito, Kosa ha proposto che l&#8217;Unione europea cambi la sua politica sull&#8217;immigrazione L&#8217;Ungheria non pu\u00f2 fungere da paese di transito per i migranti, ha aggiunto.<\/p>\n<p>Kosa ha avvertito che l&#8217;attuale afflusso di rifugiati potrebbe aumentare ulteriormente, il loro numero supera i 100.000 nel 2015 Ha osservato che l&#8217;anno scorso il numero di rifugiati a cui alla fine \u00e8 stato concesso asilo era appena superiore a 500, mentre la maggior parte delle domande era stata respinta, ha anche aggiunto che la maggior parte delle procedure non pu\u00f2 nemmeno essere completata perch\u00e9 i rifugiati viaggiano A causa delle regole europee, tuttavia, vengono restituiti in Ungheria in gran numero.<\/p>\n<p>Kosa ha criticato l&#8217;UE per aver condannato l&#8217;Ungheria nel 2012 per aver detenuto immigrati clandestini e per aver limitato la detenzione a persone evidentemente disposte a commettere crimini\u201d.<\/p>\n<p><em>Foto: MTI<\/em><\/p>\n","protected":false},"excerpt":{"rendered":"<p>Budapest, 2 febbraio (MTI) 2 Le autorit\u00e0 ungheresi non possono gestire l&#8217;immigrazione clandestina in base a norme efficaci che escludono per lo pi\u00f9 la detenzione di immigrati clandestini, ha detto venerd\u00ec Lajos Kosa, vice leader del governo Fidesz, in un dibattito parlamentare sull&#8217;argomento. In una conferenza stampa tenutasi a margine del dibattito, Kosa ha proposto [&hellip;]<\/p>\n","protected":false},"author":2,"featured_media":734116,"comment_status":"open","ping_status":"open","sticky":false,"template":"","format":"standard","meta":{"_display_image":"","footnotes":""},"categories":[1185],"tags":[1078,1291],"class_list":["post-734115","post","type-post","status-publish","format-standard","has-post-thumbnail","hentry","category-politica-in-ungheria","tag-fidesz","tag-migrazione"],"blocksy_meta":[],"author_username":"alk","telegram_post":"","public_post_metadata":{"breaking_news":"","important":"","csempe":"","center_tile":"","disable_thumbnail":"","target_lang":"","_featured_image_style":"","telegram_post":"","_xlat_group_id":""},"public_rank_math_data":{"title":"%titolo% %sep% %nomesito%","description":"","focus_keyword":"","canonical_url":"","robots":"","primary_category":"1185","breadcrumb_title":"","facebook_title":"","facebook_description":"","facebook_image":"","facebook_image_id":"","twitter_title":"","twitter_description":"","twitter_image":"","twitter_image_id":"","twitter_card_type":"","twitter_use_facebook":"","advanced_robots":"","pillar_content":"","seo_score":"","contentai_score":"","rich_snippet":""},"_links":{"self":[{"href":"https:\/\/dailynewshungary.com\/it\/wp-json\/wp\/v2\/posts\/734115","targetHints":{"allow":["GET"]}}],"collection":[{"href":"https:\/\/dailynewshungary.com\/it\/wp-json\/wp\/v2\/posts"}],"about":[{"href":"https:\/\/dailynewshungary.com\/it\/wp-json\/wp\/v2\/types\/post"}],"author":[{"embeddable":true,"href":"https:\/\/dailynewshungary.com\/it\/wp-json\/wp\/v2\/users\/2"}],"replies":[{"embeddable":true,"href":"https:\/\/dailynewshungary.com\/it\/wp-json\/wp\/v2\/comments?post=734115"}],"version-history":[{"count":0,"href":"https:\/\/dailynewshungary.com\/it\/wp-json\/wp\/v2\/posts\/734115\/revisions"}],"wp:featuredmedia":[{"embeddable":true,"href":"https:\/\/dailynewshungary.com\/it\/wp-json\/wp\/v2\/media\/734116"}],"wp:attachment":[{"href":"https:\/\/dailynewshungary.com\/it\/wp-json\/wp\/v2\/media?parent=734115"}],"wp:term":[{"taxonomy":"category","embeddable":true,"href":"https:\/\/dailynewshungary.com\/it\/wp-json\/wp\/v2\/categories?post=734115"},{"taxonomy":"post_tag","embeddable":true,"href":"https:\/\/dailynewshungary.com\/it\/wp-json\/wp\/v2\/tags?post=734115"}],"curies":[{"name":"wp","href":"https:\/\/api.w.org\/{rel}","templated":true}]}}