{"id":734229,"date":"2015-02-13T11:28:07","date_gmt":"2015-02-13T10:28:07","guid":{"rendered":"https:\/\/dailynewshungary.com\/it\/nuovo-ambasciatore-ungherese-negli-usa-chiede-di-rafforzare-il-dialogo\/"},"modified":"2015-02-13T11:28:07","modified_gmt":"2015-02-13T10:28:07","slug":"nuovo-ambasciatore-ungherese-negli-usa-chiede-di-rafforzare-il-dialogo","status":"publish","type":"post","link":"https:\/\/dailynewshungary.com\/it\/nuovo-ambasciatore-ungherese-negli-usa-chiede-di-rafforzare-il-dialogo\/","title":{"rendered":"Nuovo ambasciatore ungherese negli Usa chiede di rafforzare il dialogo"},"content":{"rendered":"<p><strong>Budapest, 3 febbraio (MTI) 1 Tutte le aree delle relazioni ungherese-statunitensi dovrebbero essere affrontate rafforzando il dialogo, ha detto il nuovo ambasciatore dell&#8217;Ungheria negli USA in un&#8217;intervista prima della sua partenza per Washington, DC.<\/strong><\/p>\n<p>Reka Szemerkenyi ha affermato che la sua esperienza professionale nella politica di sicurezza le consentirebbe di rafforzare ulteriormente questo importante settore di cooperazione. Inoltre, un approccio \u201cfemale\u201d in politica estera pu\u00f2 anche svolgere un ruolo importante nel coordinamento di questioni delicate, ha affermato.<\/p>\n<p>Ha affermato che il suo compito principale sar\u00e0 quello di garantire che le relazioni politiche siano elevate allo stesso livello dei legami di politica economica e di sicurezza, che sono forti e positivi per entrambe le parti.<\/p>\n<p>Le relazioni ungherese-statunitensi sono particolarmente importanti strategicamente nella politica estera dell&#8217;Ungheria, ha detto. \u201c\u00c8 un compito importante, specialmente durante gli attuali cambiamenti internazionali, che questo sistema di relazioni dovrebbe essere reso forse il migliore e il pi\u00f9 dinamico.\u201d<\/p>\n<p>Alcuni elementi delle relazioni bilaterali, in particolare la cooperazione economica e di sicurezza, hanno funzionato bene e si sono sviluppati negli ultimi anni. Il governo ungherese mira a mantenere questa tendenza e a rafforzarla ulteriormente, ha affermato.<\/p>\n<p>Szemerkenyi ha detto che \u00e8 un punto dolente che ci sia una \u201cmancanza di comprensione e una differenza di opinione\u201d in certe questioni politiche in cui \u201centrambe le parti sono guidate dagli stessi principi, considerando che entrambi crediamo nella democrazia, stiamo entrambi costruendo uno stato costituzionale e vorremmo renderlo sempre migliore e pi\u00f9 efficiente.\u201d<\/p>\n<p>\u201cIl mio background professionale personale mi predestina inoltre a rafforzare ulteriormente le relazioni strategiche esistenti nella politica di sicurezza e nella politica energetica, ha affermato\u201d Szemerkenyi, aggiungendo che ha sempre considerato l&#8217;approccio professionale pi\u00f9 importante nel suo lavoro e che continuer\u00e0 a rispettare questo principio.<\/p>\n<p>\u201cAnche se ci sono divergenze di opinione, \u00e8 evidente che mantenere un buon partenariato \u00e8 una priorit\u00e0 per entrambe le parti. Ogni questione deve essere gestita in questo quadro, ha detto\u201d commentando le recenti tensioni diplomatiche nelle relazioni USA-Ungheria.<\/p>\n<p>Secondo Szemerkenyi, la questione dei funzionari ungheresi a cui \u00e8 vietato entrare negli Stati Uniti \u00e8 stata \u201cconcludere completamente\u201d. Ha detto che non aveva intenzione di fare sforzi per pubblicare l&#8217;elenco perch\u00e9 \u201cnon ci sono nuove informazioni; non c&#8217;\u00e8 nulla da informarsi sulla\u201d.<\/p>\n<p>Szemerkenyi, in sostituzione di Gyorgy Szapary come ambasciatrice, parte per gli Stati Uniti il 13 febbraio e consegner\u00e0 le sue credenziali al presidente Barack Obama il 23 febbraio.<\/p>\n<p>Il ministro degli Esteri Peter Szijjarto ha dichiarato alla televisione pubblica il 23 gennaio che l&#8217;arrivo del nuovo ambasciatore americano in Ungheria potrebbe aprire un nuovo capitolo nella cooperazione politica tra i due paesi.<\/p>\n<p><em>Foto: MTI<\/em><\/p>\n","protected":false},"excerpt":{"rendered":"<p>Budapest, 3 febbraio (MTI) 1 Tutte le aree delle relazioni ungherese-statunitensi dovrebbero essere affrontate rafforzando il dialogo, ha detto il nuovo ambasciatore dell&#8217;Ungheria negli USA in un&#8217;intervista prima della sua partenza per Washington, DC. Reka Szemerkenyi ha affermato che la sua esperienza professionale nella politica di sicurezza le consentirebbe di rafforzare ulteriormente questo importante settore [&hellip;]<\/p>\n","protected":false},"author":2,"featured_media":734230,"comment_status":"open","ping_status":"open","sticky":false,"template":"","format":"standard","meta":{"_display_image":"","footnotes":""},"categories":[1185],"tags":[1092,1111],"class_list":["post-734229","post","type-post","status-publish","format-standard","has-post-thumbnail","hentry","category-politica-in-ungheria","tag-ministero-degli-affari-esteri-dellungheria","tag-stati-uniti"],"blocksy_meta":[],"author_username":"alk","telegram_post":"","public_post_metadata":{"breaking_news":"","important":"","csempe":"","center_tile":"","disable_thumbnail":"","target_lang":"","_featured_image_style":"","telegram_post":"","_xlat_group_id":""},"public_rank_math_data":{"title":"%titolo% %sep% %nomesito%","description":"","focus_keyword":"","canonical_url":"","robots":"","primary_category":"1185","breadcrumb_title":"","facebook_title":"","facebook_description":"","facebook_image":"","facebook_image_id":"","twitter_title":"","twitter_description":"","twitter_image":"","twitter_image_id":"","twitter_card_type":"","twitter_use_facebook":"","advanced_robots":"","pillar_content":"","seo_score":"","contentai_score":"","rich_snippet":""},"_links":{"self":[{"href":"https:\/\/dailynewshungary.com\/it\/wp-json\/wp\/v2\/posts\/734229","targetHints":{"allow":["GET"]}}],"collection":[{"href":"https:\/\/dailynewshungary.com\/it\/wp-json\/wp\/v2\/posts"}],"about":[{"href":"https:\/\/dailynewshungary.com\/it\/wp-json\/wp\/v2\/types\/post"}],"author":[{"embeddable":true,"href":"https:\/\/dailynewshungary.com\/it\/wp-json\/wp\/v2\/users\/2"}],"replies":[{"embeddable":true,"href":"https:\/\/dailynewshungary.com\/it\/wp-json\/wp\/v2\/comments?post=734229"}],"version-history":[{"count":0,"href":"https:\/\/dailynewshungary.com\/it\/wp-json\/wp\/v2\/posts\/734229\/revisions"}],"wp:featuredmedia":[{"embeddable":true,"href":"https:\/\/dailynewshungary.com\/it\/wp-json\/wp\/v2\/media\/734230"}],"wp:attachment":[{"href":"https:\/\/dailynewshungary.com\/it\/wp-json\/wp\/v2\/media?parent=734229"}],"wp:term":[{"taxonomy":"category","embeddable":true,"href":"https:\/\/dailynewshungary.com\/it\/wp-json\/wp\/v2\/categories?post=734229"},{"taxonomy":"post_tag","embeddable":true,"href":"https:\/\/dailynewshungary.com\/it\/wp-json\/wp\/v2\/tags?post=734229"}],"curies":[{"name":"wp","href":"https:\/\/api.w.org\/{rel}","templated":true}]}}