{"id":734361,"date":"2015-02-05T14:45:41","date_gmt":"2015-02-05T13:45:41","guid":{"rendered":"https:\/\/dailynewshungary.com\/it\/szijjarto-il-piano-di-investimenti-dellue-andra-avanti-ma-non-influenzera-negativamente-la-politica-di-coesione\/"},"modified":"2015-02-05T14:45:41","modified_gmt":"2015-02-05T13:45:41","slug":"szijjarto-il-piano-di-investimenti-dellue-andra-avanti-ma-non-influenzera-negativamente-la-politica-di-coesione","status":"publish","type":"post","link":"https:\/\/dailynewshungary.com\/it\/szijjarto-il-piano-di-investimenti-dellue-andra-avanti-ma-non-influenzera-negativamente-la-politica-di-coesione\/","title":{"rendered":"Szijjarto: il piano di investimenti dell\u2019UE andr\u00e0 avanti ma non influenzer\u00e0 negativamente la politica di coesione"},"content":{"rendered":"<p><strong>Bruxelles, 5 febbraio (MTI) 5 Il finanziamento del piano di investimenti dell&#8217;Unione europea non avr\u00e0 un impatto negativo sulla politica di coesione dell&#8217;UE o sulla politica agricola comune, ha detto gioved\u00ec il ministro degli Esteri ungherese.<\/strong><\/p>\n<p>Peter Szijjarto ha detto ai giornalisti ungheresi a Bruxelles di aver parlato con il commissario europeo per l&#8217;occupazione, la crescita, gli investimenti e la competitivit\u00e0 Jyrki Katainen, che lo aveva rassicurato sulla questione. \u201cCi sono davvero nuove fonti, ha detto il ministro,\u201d, aggiungendo che l&#8217;Ungheria ha sostenuto gli sforzi della Commissione europea per stimolare gli investimenti, e hanno convenuto che affinch\u00e9 l&#8217;Europa possa ripristinare la propria competitivit\u00e0 \u00e8 importante che un nuovo tipo strategico di strategia di investimento sostenga la creazione di posti di lavoro.<\/p>\n<p><em>Foto: MTI<\/em><\/p>\n","protected":false},"excerpt":{"rendered":"<p>Bruxelles, 5 febbraio (MTI) 5 Il finanziamento del piano di investimenti dell&#8217;Unione europea non avr\u00e0 un impatto negativo sulla politica di coesione dell&#8217;UE o sulla politica agricola comune, ha detto gioved\u00ec il ministro degli Esteri ungherese. Peter Szijjarto ha detto ai giornalisti ungheresi a Bruxelles di aver parlato con il commissario europeo per l&#8217;occupazione, la [&hellip;]<\/p>\n","protected":false},"author":2,"featured_media":734362,"comment_status":"open","ping_status":"open","sticky":false,"template":"","format":"standard","meta":{"_display_image":"","footnotes":""},"categories":[1185],"tags":[1092,1075],"class_list":["post-734361","post","type-post","status-publish","format-standard","has-post-thumbnail","hentry","category-politica-in-ungheria","tag-ministero-degli-affari-esteri-dellungheria","tag-unione-europea"],"blocksy_meta":[],"author_username":"alk","telegram_post":"","public_post_metadata":{"breaking_news":"","important":"","csempe":"","center_tile":"","disable_thumbnail":"","target_lang":"","_featured_image_style":"","telegram_post":"","_xlat_group_id":""},"public_rank_math_data":{"title":"%titolo% %sep% %nomesito%","description":"","focus_keyword":"","canonical_url":"","robots":"","primary_category":"1185","breadcrumb_title":"","facebook_title":"","facebook_description":"","facebook_image":"","facebook_image_id":"","twitter_title":"","twitter_description":"","twitter_image":"","twitter_image_id":"","twitter_card_type":"","twitter_use_facebook":"","advanced_robots":"","pillar_content":"","seo_score":"","contentai_score":"","rich_snippet":""},"_links":{"self":[{"href":"https:\/\/dailynewshungary.com\/it\/wp-json\/wp\/v2\/posts\/734361","targetHints":{"allow":["GET"]}}],"collection":[{"href":"https:\/\/dailynewshungary.com\/it\/wp-json\/wp\/v2\/posts"}],"about":[{"href":"https:\/\/dailynewshungary.com\/it\/wp-json\/wp\/v2\/types\/post"}],"author":[{"embeddable":true,"href":"https:\/\/dailynewshungary.com\/it\/wp-json\/wp\/v2\/users\/2"}],"replies":[{"embeddable":true,"href":"https:\/\/dailynewshungary.com\/it\/wp-json\/wp\/v2\/comments?post=734361"}],"version-history":[{"count":0,"href":"https:\/\/dailynewshungary.com\/it\/wp-json\/wp\/v2\/posts\/734361\/revisions"}],"wp:featuredmedia":[{"embeddable":true,"href":"https:\/\/dailynewshungary.com\/it\/wp-json\/wp\/v2\/media\/734362"}],"wp:attachment":[{"href":"https:\/\/dailynewshungary.com\/it\/wp-json\/wp\/v2\/media?parent=734361"}],"wp:term":[{"taxonomy":"category","embeddable":true,"href":"https:\/\/dailynewshungary.com\/it\/wp-json\/wp\/v2\/categories?post=734361"},{"taxonomy":"post_tag","embeddable":true,"href":"https:\/\/dailynewshungary.com\/it\/wp-json\/wp\/v2\/tags?post=734361"}],"curies":[{"name":"wp","href":"https:\/\/api.w.org\/{rel}","templated":true}]}}