{"id":734545,"date":"2015-01-22T10:03:46","date_gmt":"2015-01-22T09:03:46","guid":{"rendered":"https:\/\/dailynewshungary.com\/it\/il-dipartimento-di-stato-americano-consegna-laccordo-per-szemerkenyi\/"},"modified":"2015-01-22T10:03:46","modified_gmt":"2015-01-22T09:03:46","slug":"il-dipartimento-di-stato-americano-consegna-laccordo-per-szemerkenyi","status":"publish","type":"post","link":"https:\/\/dailynewshungary.com\/it\/il-dipartimento-di-stato-americano-consegna-laccordo-per-szemerkenyi\/","title":{"rendered":"Il Dipartimento di Stato americano consegna l\u2019accordo per Szemerkenyi"},"content":{"rendered":"<p><strong>Budapest, 2 gennaio (MTI) 2 Il Dipartimento di Stato americano ha consegnato il suo accordo all&#8217;ambasciata ungherese, in base al quale Reka Szemerkenyi, la nuova ambasciatrice ungherese negli Stati Uniti, pu\u00f2 assumere il suo incarico a Washington, ha annunciato il ministero degli Esteri.<\/strong><\/p>\n<p>Il documento \u00e8 stato richiesto dall&#8217;Ungheria il 21 novembre 2014 e ricevuto mercoled\u00ec, ha affermato il ministero in una nota, e ha osservato che non vi \u00e8 stato alcun ritardo nella procedura.<\/p>\n<p>Szemerkenyi sostituir\u00e0 Gyorgy Szapary a Washington.<\/p>\n<p>Colleen Bell, la nuova ambasciatrice degli Stati Uniti in Ungheria, ha presentato le sue credenziali al presidente Janos Ader mercoled\u00ec.<\/p>\n","protected":false},"excerpt":{"rendered":"<p>Budapest, 2 gennaio (MTI) 2 Il Dipartimento di Stato americano ha consegnato il suo accordo all&#8217;ambasciata ungherese, in base al quale Reka Szemerkenyi, la nuova ambasciatrice ungherese negli Stati Uniti, pu\u00f2 assumere il suo incarico a Washington, ha annunciato il ministero degli Esteri. Il documento \u00e8 stato richiesto dall&#8217;Ungheria il 21 novembre 2014 e ricevuto [&hellip;]<\/p>\n","protected":false},"author":2,"featured_media":734546,"comment_status":"open","ping_status":"open","sticky":false,"template":"","format":"standard","meta":{"_display_image":"","footnotes":""},"categories":[1185],"tags":[1092,1111],"class_list":["post-734545","post","type-post","status-publish","format-standard","has-post-thumbnail","hentry","category-politica-in-ungheria","tag-ministero-degli-affari-esteri-dellungheria","tag-stati-uniti"],"blocksy_meta":[],"author_username":"alk","telegram_post":"","public_post_metadata":{"breaking_news":"","important":"","csempe":"","center_tile":"","disable_thumbnail":"","target_lang":"","_featured_image_style":"","telegram_post":"","_xlat_group_id":""},"public_rank_math_data":{"title":"%titolo% %sep% %nomesito%","description":"","focus_keyword":"","canonical_url":"","robots":"","primary_category":"1185","breadcrumb_title":"","facebook_title":"","facebook_description":"","facebook_image":"","facebook_image_id":"","twitter_title":"","twitter_description":"","twitter_image":"","twitter_image_id":"","twitter_card_type":"","twitter_use_facebook":"","advanced_robots":"","pillar_content":"","seo_score":"","contentai_score":"","rich_snippet":""},"_links":{"self":[{"href":"https:\/\/dailynewshungary.com\/it\/wp-json\/wp\/v2\/posts\/734545","targetHints":{"allow":["GET"]}}],"collection":[{"href":"https:\/\/dailynewshungary.com\/it\/wp-json\/wp\/v2\/posts"}],"about":[{"href":"https:\/\/dailynewshungary.com\/it\/wp-json\/wp\/v2\/types\/post"}],"author":[{"embeddable":true,"href":"https:\/\/dailynewshungary.com\/it\/wp-json\/wp\/v2\/users\/2"}],"replies":[{"embeddable":true,"href":"https:\/\/dailynewshungary.com\/it\/wp-json\/wp\/v2\/comments?post=734545"}],"version-history":[{"count":0,"href":"https:\/\/dailynewshungary.com\/it\/wp-json\/wp\/v2\/posts\/734545\/revisions"}],"wp:featuredmedia":[{"embeddable":true,"href":"https:\/\/dailynewshungary.com\/it\/wp-json\/wp\/v2\/media\/734546"}],"wp:attachment":[{"href":"https:\/\/dailynewshungary.com\/it\/wp-json\/wp\/v2\/media?parent=734545"}],"wp:term":[{"taxonomy":"category","embeddable":true,"href":"https:\/\/dailynewshungary.com\/it\/wp-json\/wp\/v2\/categories?post=734545"},{"taxonomy":"post_tag","embeddable":true,"href":"https:\/\/dailynewshungary.com\/it\/wp-json\/wp\/v2\/tags?post=734545"}],"curies":[{"name":"wp","href":"https:\/\/api.w.org\/{rel}","templated":true}]}}