{"id":734845,"date":"2014-12-31T16:15:42","date_gmt":"2014-12-31T15:15:42","guid":{"rendered":"https:\/\/dailynewshungary.com\/it\/anno-record-2014-nellimmigrazione-clandestina-afferma-lautorita\/"},"modified":"2014-12-31T16:15:42","modified_gmt":"2014-12-31T15:15:42","slug":"anno-record-2014-nellimmigrazione-clandestina-afferma-lautorita","status":"publish","type":"post","link":"https:\/\/dailynewshungary.com\/it\/anno-record-2014-nellimmigrazione-clandestina-afferma-lautorita\/","title":{"rendered":"Anno record 2014 nell\u2019immigrazione clandestina, afferma l\u2019autorit\u00e0"},"content":{"rendered":"<p><strong>Budapest, 1 dicembre (MTI) 3 Un numero record di oltre 36.000 migranti illegali arrivati in Ungheria nel 2014, ha detto mercoled\u00ec il quotidiano Magyar Nemzet, citando un funzionario dell&#8217;autorit\u00e0 nazionale per l&#8217;immigrazione.<\/strong><\/p>\n<p>La maggior parte degli immigrati illegali proveniva da Siria, Iraq, Afghanistan e Kosovo, ha detto al giornale \u00c1rp\u00e1d Sz\u00e9p, direttore dell&#8217;autorit\u00e0 per la migrazione.<\/p>\n<p>Il 2014 ha visto un altro record, nel numero di richiedenti asilo, ha detto.<\/p>\n<p>Fino a dicembre pi\u00f9 di 40.000 hanno presentato domanda di asilo che \u00e8 oltre il doppio rispetto al 2013, ed \u00e8 un aumento di venti volte della media annuale registrata negli anni 2000, ha detto Sz\u00e9p.<\/p>\n<p>Ha detto che ci sono stati casi quest&#8217;anno in cui 800-1.000 persone hanno richiesto assistenza all&#8217;autorit\u00e0 in un solo giorno, aggiungendo che in questi giorni ha gestito tanti clienti durante una settimana quanti durante un anno intero all&#8217;inizio del secolo.<\/p>\n","protected":false},"excerpt":{"rendered":"<p>Budapest, 1 dicembre (MTI) 3 Un numero record di oltre 36.000 migranti illegali arrivati in Ungheria nel 2014, ha detto mercoled\u00ec il quotidiano Magyar Nemzet, citando un funzionario dell&#8217;autorit\u00e0 nazionale per l&#8217;immigrazione. La maggior parte degli immigrati illegali proveniva da Siria, Iraq, Afghanistan e Kosovo, ha detto al giornale \u00c1rp\u00e1d Sz\u00e9p, direttore dell&#8217;autorit\u00e0 per la [&hellip;]<\/p>\n","protected":false},"author":2,"featured_media":734846,"comment_status":"open","ping_status":"open","sticky":false,"template":"","format":"standard","meta":{"_display_image":"","footnotes":""},"categories":[1207],"tags":[1291],"class_list":["post-734845","post","type-post","status-publish","format-standard","has-post-thumbnail","hentry","category-societa-in-ungheria","tag-migrazione"],"blocksy_meta":[],"author_username":"alk","telegram_post":"","public_post_metadata":{"breaking_news":"","important":"","csempe":"","center_tile":"","disable_thumbnail":"","target_lang":"","_featured_image_style":"","telegram_post":"","_xlat_group_id":""},"public_rank_math_data":{"title":"%titolo% %sep% %nomesito%","description":"","focus_keyword":"","canonical_url":"","robots":"","primary_category":"1207","breadcrumb_title":"","facebook_title":"","facebook_description":"","facebook_image":"","facebook_image_id":"","twitter_title":"","twitter_description":"","twitter_image":"","twitter_image_id":"","twitter_card_type":"","twitter_use_facebook":"","advanced_robots":"","pillar_content":"","seo_score":"","contentai_score":"","rich_snippet":""},"_links":{"self":[{"href":"https:\/\/dailynewshungary.com\/it\/wp-json\/wp\/v2\/posts\/734845","targetHints":{"allow":["GET"]}}],"collection":[{"href":"https:\/\/dailynewshungary.com\/it\/wp-json\/wp\/v2\/posts"}],"about":[{"href":"https:\/\/dailynewshungary.com\/it\/wp-json\/wp\/v2\/types\/post"}],"author":[{"embeddable":true,"href":"https:\/\/dailynewshungary.com\/it\/wp-json\/wp\/v2\/users\/2"}],"replies":[{"embeddable":true,"href":"https:\/\/dailynewshungary.com\/it\/wp-json\/wp\/v2\/comments?post=734845"}],"version-history":[{"count":0,"href":"https:\/\/dailynewshungary.com\/it\/wp-json\/wp\/v2\/posts\/734845\/revisions"}],"wp:featuredmedia":[{"embeddable":true,"href":"https:\/\/dailynewshungary.com\/it\/wp-json\/wp\/v2\/media\/734846"}],"wp:attachment":[{"href":"https:\/\/dailynewshungary.com\/it\/wp-json\/wp\/v2\/media?parent=734845"}],"wp:term":[{"taxonomy":"category","embeddable":true,"href":"https:\/\/dailynewshungary.com\/it\/wp-json\/wp\/v2\/categories?post=734845"},{"taxonomy":"post_tag","embeddable":true,"href":"https:\/\/dailynewshungary.com\/it\/wp-json\/wp\/v2\/tags?post=734845"}],"curies":[{"name":"wp","href":"https:\/\/api.w.org\/{rel}","templated":true}]}}