{"id":735129,"date":"2014-12-11T19:44:13","date_gmt":"2014-12-11T18:44:13","guid":{"rendered":"https:\/\/dailynewshungary.com\/it\/istituto-balassi-ottiene-nuovo-capo\/"},"modified":"2014-12-11T19:44:13","modified_gmt":"2014-12-11T18:44:13","slug":"istituto-balassi-ottiene-nuovo-capo","status":"publish","type":"post","link":"https:\/\/dailynewshungary.com\/it\/istituto-balassi-ottiene-nuovo-capo\/","title":{"rendered":"Istituto Balassi ottiene nuovo capo"},"content":{"rendered":"<p><strong>Budapest, 1 dicembre (MTI) 1 Il ministro degli Esteri ha nominato Jud Hammerstein a capo dell&#8217;Istituto Balassi, ha detto gioved\u00ec il ministero a MTI.<\/strong><\/p>\n<p>Hammerstein ha lavorato come consigliere capo presso l&#8217;ufficio di gabinetto e come vice segretario di stato responsabile della cultura tra il 2011 e l&#8217;estate del 2014.<\/p>\n<p>\u00c8 il successore di Pal Hatos, richiamato dal suo incarico il 14 novembre.<\/p>\n<p>L&#8217;istituto sovrintende al funzionamento degli istituti culturali ungheresi in tutto il mondo, organizza diversi corsi di lingua ed \u00e8 responsabile dell&#8217;erogazione di borse di studio. L&#8217;istituto \u00e8 presente in 20 citt\u00e0 come New York, Nuova Delhi, Il Cairo, Helsinki, Londra e Varsavia.<\/p>\n","protected":false},"excerpt":{"rendered":"<p>Budapest, 1 dicembre (MTI) 1 Il ministro degli Esteri ha nominato Jud Hammerstein a capo dell&#8217;Istituto Balassi, ha detto gioved\u00ec il ministero a MTI. Hammerstein ha lavorato come consigliere capo presso l&#8217;ufficio di gabinetto e come vice segretario di stato responsabile della cultura tra il 2011 e l&#8217;estate del 2014. \u00c8 il successore di Pal [&hellip;]<\/p>\n","protected":false},"author":2,"featured_media":735130,"comment_status":"open","ping_status":"open","sticky":false,"template":"","format":"standard","meta":{"_display_image":"","footnotes":""},"categories":[1304],"tags":[1835],"class_list":["post-735129","post","type-post","status-publish","format-standard","has-post-thumbnail","hentry","category-cultura-in-ungheria","tag-educazione"],"blocksy_meta":[],"author_username":"alk","telegram_post":"","public_post_metadata":{"breaking_news":"","important":"","csempe":"","center_tile":"","disable_thumbnail":"","target_lang":"","_featured_image_style":"","telegram_post":"","_xlat_group_id":""},"public_rank_math_data":{"title":"%titolo% %sep% %nomesito%","description":"","focus_keyword":"","canonical_url":"","robots":"","primary_category":"1304","breadcrumb_title":"","facebook_title":"","facebook_description":"","facebook_image":"","facebook_image_id":"","twitter_title":"","twitter_description":"","twitter_image":"","twitter_image_id":"","twitter_card_type":"","twitter_use_facebook":"","advanced_robots":"","pillar_content":"","seo_score":"","contentai_score":"","rich_snippet":""},"_links":{"self":[{"href":"https:\/\/dailynewshungary.com\/it\/wp-json\/wp\/v2\/posts\/735129","targetHints":{"allow":["GET"]}}],"collection":[{"href":"https:\/\/dailynewshungary.com\/it\/wp-json\/wp\/v2\/posts"}],"about":[{"href":"https:\/\/dailynewshungary.com\/it\/wp-json\/wp\/v2\/types\/post"}],"author":[{"embeddable":true,"href":"https:\/\/dailynewshungary.com\/it\/wp-json\/wp\/v2\/users\/2"}],"replies":[{"embeddable":true,"href":"https:\/\/dailynewshungary.com\/it\/wp-json\/wp\/v2\/comments?post=735129"}],"version-history":[{"count":0,"href":"https:\/\/dailynewshungary.com\/it\/wp-json\/wp\/v2\/posts\/735129\/revisions"}],"wp:featuredmedia":[{"embeddable":true,"href":"https:\/\/dailynewshungary.com\/it\/wp-json\/wp\/v2\/media\/735130"}],"wp:attachment":[{"href":"https:\/\/dailynewshungary.com\/it\/wp-json\/wp\/v2\/media?parent=735129"}],"wp:term":[{"taxonomy":"category","embeddable":true,"href":"https:\/\/dailynewshungary.com\/it\/wp-json\/wp\/v2\/categories?post=735129"},{"taxonomy":"post_tag","embeddable":true,"href":"https:\/\/dailynewshungary.com\/it\/wp-json\/wp\/v2\/tags?post=735129"}],"curies":[{"name":"wp","href":"https:\/\/api.w.org\/{rel}","templated":true}]}}