{"id":735249,"date":"2014-12-03T12:01:40","date_gmt":"2014-12-03T11:01:40","guid":{"rendered":"https:\/\/dailynewshungary.com\/it\/conferenza-mostra-sulla-rivolta-di-timisoara-si-apre-presso-la-sede-del-pe-bruxelles\/"},"modified":"2014-12-03T12:01:40","modified_gmt":"2014-12-03T11:01:40","slug":"conferenza-mostra-sulla-rivolta-di-timisoara-si-apre-presso-la-sede-del-pe-bruxelles","status":"publish","type":"post","link":"https:\/\/dailynewshungary.com\/it\/conferenza-mostra-sulla-rivolta-di-timisoara-si-apre-presso-la-sede-del-pe-bruxelles\/","title":{"rendered":"Conferenza, mostra sulla rivolta di Timisoara si apre presso la sede del PE Bruxelles"},"content":{"rendered":"<p><strong>Bruxelles, 2 dicembre (MTI) Laszlo Tokes, ex vescovo riformato ed eroe della rivoluzione rumena del 1989, ha aperto una conferenza e una mostra sulla rivolta di Timisoara (Temesvar) che ha dato inizio alla rivoluzione e sulle esperienze degli ultimi 25 anni presso il Parlamento europeo Sede del Parlamento a Bruxelles.<\/strong><\/p>\n<p>Tokes, attualmente eurodeputato del partito al potere Fidesz in Ungheria, ha affermato che la rivolta ha segnato l&#8217;inizio di un processo che non \u00e8 ancora terminato.<\/p>\n<p>Il capo della commissione per gli affari esteri del paliamento ungherese, Zsolt Nemeth, ha affermato che la solidariet\u00e0 tra ungheresi e rumeni ha svolto un ruolo cruciale negli eventi del 1989, che ha descritto come \u201cmomenti di totale riconciliazione etnica\u201d. Tuttavia, pochi mesi dopo i rumeni potrebbero essere istigati ad attaccare gli ungheresi a Targu Mures (Marosvasarhely), ha aggiunto.<\/p>\n<p>Queste due tendenze sono state in lotta tra loro da allora in Romania, ha detto Nemeth Ha descritto una recente decisione sul Collegio Szekely Miko della Chiesa Riformata come un tentativo \u201caperto di un colpo di stato per fermare la restituzione\u201d La restituzione si \u00e8 fermata e si teme che lo stesso accadr\u00e0 anche nel caso di altre chiese minoritarie in Romania, ha aggiunto.<\/p>\n<p>Tuttavia, ha affermato che la recente nomina di Klaus Iohannis a presidente potrebbe rappresentare una nuova possibilit\u00e0 considerando che \u00e8 un sassone della Transilvania che ovviamente comprende le difficolt\u00e0 che le minoranze stanno affrontando.<\/p>\n<p><em>Foto: www.historia.ro<\/em><\/p>\n","protected":false},"excerpt":{"rendered":"<p>Bruxelles, 2 dicembre (MTI) Laszlo Tokes, ex vescovo riformato ed eroe della rivoluzione rumena del 1989, ha aperto una conferenza e una mostra sulla rivolta di Timisoara (Temesvar) che ha dato inizio alla rivoluzione e sulle esperienze degli ultimi 25 anni presso il Parlamento europeo Sede del Parlamento a Bruxelles. Tokes, attualmente eurodeputato del partito [&hellip;]<\/p>\n","protected":false},"author":2,"featured_media":735250,"comment_status":"open","ping_status":"open","sticky":false,"template":"","format":"standard","meta":{"_display_image":"","footnotes":""},"categories":[1304],"tags":[1104],"class_list":["post-735249","post","type-post","status-publish","format-standard","has-post-thumbnail","hentry","category-cultura-in-ungheria","tag-mostra"],"blocksy_meta":[],"author_username":"alk","telegram_post":"","public_post_metadata":{"breaking_news":"","important":"","csempe":"","center_tile":"","disable_thumbnail":"","target_lang":"","_featured_image_style":"","telegram_post":"","_xlat_group_id":""},"public_rank_math_data":{"title":"%titolo% %sep% %nomesito%","description":"","focus_keyword":"","canonical_url":"","robots":"","primary_category":"1304","breadcrumb_title":"","facebook_title":"","facebook_description":"","facebook_image":"","facebook_image_id":"","twitter_title":"","twitter_description":"","twitter_image":"","twitter_image_id":"","twitter_card_type":"","twitter_use_facebook":"","advanced_robots":"","pillar_content":"","seo_score":"","contentai_score":"","rich_snippet":""},"_links":{"self":[{"href":"https:\/\/dailynewshungary.com\/it\/wp-json\/wp\/v2\/posts\/735249","targetHints":{"allow":["GET"]}}],"collection":[{"href":"https:\/\/dailynewshungary.com\/it\/wp-json\/wp\/v2\/posts"}],"about":[{"href":"https:\/\/dailynewshungary.com\/it\/wp-json\/wp\/v2\/types\/post"}],"author":[{"embeddable":true,"href":"https:\/\/dailynewshungary.com\/it\/wp-json\/wp\/v2\/users\/2"}],"replies":[{"embeddable":true,"href":"https:\/\/dailynewshungary.com\/it\/wp-json\/wp\/v2\/comments?post=735249"}],"version-history":[{"count":0,"href":"https:\/\/dailynewshungary.com\/it\/wp-json\/wp\/v2\/posts\/735249\/revisions"}],"wp:featuredmedia":[{"embeddable":true,"href":"https:\/\/dailynewshungary.com\/it\/wp-json\/wp\/v2\/media\/735250"}],"wp:attachment":[{"href":"https:\/\/dailynewshungary.com\/it\/wp-json\/wp\/v2\/media?parent=735249"}],"wp:term":[{"taxonomy":"category","embeddable":true,"href":"https:\/\/dailynewshungary.com\/it\/wp-json\/wp\/v2\/categories?post=735249"},{"taxonomy":"post_tag","embeddable":true,"href":"https:\/\/dailynewshungary.com\/it\/wp-json\/wp\/v2\/tags?post=735249"}],"curies":[{"name":"wp","href":"https:\/\/api.w.org\/{rel}","templated":true}]}}