{"id":735478,"date":"2014-11-16T21:12:59","date_gmt":"2014-11-16T20:12:59","guid":{"rendered":"https:\/\/dailynewshungary.com\/it\/jobbik-commemora-lanniversario-dellingresso-di-horthy-a-budapest-nel-1919\/"},"modified":"2014-11-16T21:12:59","modified_gmt":"2014-11-16T20:12:59","slug":"jobbik-commemora-lanniversario-dellingresso-di-horthy-a-budapest-nel-1919","status":"publish","type":"post","link":"https:\/\/dailynewshungary.com\/it\/jobbik-commemora-lanniversario-dellingresso-di-horthy-a-budapest-nel-1919\/","title":{"rendered":"Jobbik commemora l\u2019anniversario dell\u2019ingresso di Horthy a Budapest nel 1919"},"content":{"rendered":"<p><strong>Budapest, 16 novembre 2016 Il partito nazionalista radicale Jobbik ha commemorato a Budapest domenica il 95\u00b0 anniversario dell&#8217;ingresso nella capitale del reggente ungherese tra le due guerre, Miklos Horthy.<\/strong><\/p>\n<p>Horthy, montato su un cavallo bianco, guid\u00f2 le sue forze a Budapest il 16 novembre, dopo il rovesciamento della Repubblica Sovietica Ungherese del 1919.<\/p>\n<p><a href=\"https:\/\/dailynewshungary.com\/wp-content\/uploads\/2014\/11\/novak-jobbik-hungary.jpg\" data-pswp-width=\"\" data-pswp-height=\"\" data-cropped=\"true\"><img loading=\"lazy\" decoding=\"async\" class=\" wp-image-12046 alignright\" alt=\"novak-jobbik-ungheria\" src=\"https:\/\/dailynewshungary.com\/wp-content\/uploads\/2014\/11\/novak-jobbik-hungary-199x300.jpg\" width=\"159\" height=\"240\" srcset=\"https:\/\/contentf5.dailynewshungary.com\/wp-content\/uploads\/2014\/11\/novak-jobbik-hungary-199x300.jpg 199w, https:\/\/contentf5.dailynewshungary.com\/wp-content\/uploads\/2014\/11\/novak-jobbik-hungary.jpg 399w\" sizes=\"auto, (max-width: 159px) 100vw, 159px\"><\/a>Il vice leader di Jobbik Elod Novak, rivolgendosi a circa 200 persone presenti all&#8217;evento, ha chiesto che una statua equestre di Horthy fosse eretta in piazza Szent Gellert entro il centenario.<\/p>\n<p>Tracci\u00f2 un parallelo tra l&#8217;era Horthy e i 24 anni di trasformazione post-comunista, affermando che nonostante una crisi globale ancora maggiore tra le due guerre mondiali, Horthy era riuscito a mettere l&#8217;Ungheria sulla via della prosperit\u00e0.<\/p>\n<p>I partecipanti che sventolavano bandiere ungheresi, Jobbik e bianche e rosse a strisce Arpad hanno marciato da piazza Kosztolanyi Dezso a piazza Szent Gellert, con cavalieri in testa al corteo. I manifestanti hanno cantato il nome di Horthy e le parole \u201cAbbasso Trianon\u201d.<\/p>\n<p>Il partito di opposizione Insieme ha condannato la manifestazione in una dichiarazione di domenica, affermando che Horthy \u00e8 stato complice di una delle pi\u00f9 grandi tragedie dell&#8217;Ungheria, l&#8217;Olocausto, ed \u00e8 stato responsabile non solo della morte dei soldati ungheresi ma indirettamente della morte di centinaia di migliaia di ebrei ungheresi. Ebrei e rom.<\/p>\n<p><em>Foto: MTI \u2013 Lajos Soos<\/em><\/p>\n","protected":false},"excerpt":{"rendered":"<p>Budapest, 16 novembre 2016 Il partito nazionalista radicale Jobbik ha commemorato a Budapest domenica il 95\u00b0 anniversario dell&#8217;ingresso nella capitale del reggente ungherese tra le due guerre, Miklos Horthy. Horthy, montato su un cavallo bianco, guid\u00f2 le sue forze a Budapest il 16 novembre, dopo il rovesciamento della Repubblica Sovietica Ungherese del 1919. Il vice [&hellip;]<\/p>\n","protected":false},"author":2,"featured_media":735479,"comment_status":"open","ping_status":"open","sticky":false,"template":"","format":"standard","meta":{"_display_image":"","footnotes":""},"categories":[1185],"tags":[1412,1223],"class_list":["post-735478","post","type-post","status-publish","format-standard","has-post-thumbnail","hentry","category-politica-in-ungheria","tag-jobbik","tag-storia"],"blocksy_meta":[],"author_username":"alk","telegram_post":"","public_post_metadata":{"breaking_news":"","important":"","csempe":"","center_tile":"","disable_thumbnail":"","target_lang":"","_featured_image_style":"","telegram_post":"","_xlat_group_id":""},"public_rank_math_data":{"title":"%titolo% %sep% %nomesito%","description":"","focus_keyword":"","canonical_url":"","robots":"","primary_category":"1185","breadcrumb_title":"","facebook_title":"","facebook_description":"","facebook_image":"","facebook_image_id":"","twitter_title":"","twitter_description":"","twitter_image":"","twitter_image_id":"","twitter_card_type":"","twitter_use_facebook":"","advanced_robots":"","pillar_content":"","seo_score":"","contentai_score":"","rich_snippet":""},"_links":{"self":[{"href":"https:\/\/dailynewshungary.com\/it\/wp-json\/wp\/v2\/posts\/735478","targetHints":{"allow":["GET"]}}],"collection":[{"href":"https:\/\/dailynewshungary.com\/it\/wp-json\/wp\/v2\/posts"}],"about":[{"href":"https:\/\/dailynewshungary.com\/it\/wp-json\/wp\/v2\/types\/post"}],"author":[{"embeddable":true,"href":"https:\/\/dailynewshungary.com\/it\/wp-json\/wp\/v2\/users\/2"}],"replies":[{"embeddable":true,"href":"https:\/\/dailynewshungary.com\/it\/wp-json\/wp\/v2\/comments?post=735478"}],"version-history":[{"count":0,"href":"https:\/\/dailynewshungary.com\/it\/wp-json\/wp\/v2\/posts\/735478\/revisions"}],"wp:featuredmedia":[{"embeddable":true,"href":"https:\/\/dailynewshungary.com\/it\/wp-json\/wp\/v2\/media\/735479"}],"wp:attachment":[{"href":"https:\/\/dailynewshungary.com\/it\/wp-json\/wp\/v2\/media?parent=735478"}],"wp:term":[{"taxonomy":"category","embeddable":true,"href":"https:\/\/dailynewshungary.com\/it\/wp-json\/wp\/v2\/categories?post=735478"},{"taxonomy":"post_tag","embeddable":true,"href":"https:\/\/dailynewshungary.com\/it\/wp-json\/wp\/v2\/tags?post=735478"}],"curies":[{"name":"wp","href":"https:\/\/api.w.org\/{rel}","templated":true}]}}