{"id":735492,"date":"2014-11-15T20:52:24","date_gmt":"2014-11-15T19:52:24","guid":{"rendered":"https:\/\/dailynewshungary.com\/it\/szijjarto-incontrera-il-segretario-generale-della-nato-a-bruxelles\/"},"modified":"2014-11-15T20:52:24","modified_gmt":"2014-11-15T19:52:24","slug":"szijjarto-incontrera-il-segretario-generale-della-nato-a-bruxelles","status":"publish","type":"post","link":"https:\/\/dailynewshungary.com\/it\/szijjarto-incontrera-il-segretario-generale-della-nato-a-bruxelles\/","title":{"rendered":"Szijjarto incontrer\u00e0 il Segretario generale della NATO a Bruxelles"},"content":{"rendered":"<p><strong>Budapest, 5 novembre (MTI) 1 Il ministro degli Esteri Peter Szijjarto parteciper\u00e0 alle riunioni del Consiglio dell&#8217;Unione Europea a Bruxelles luned\u00ec e marted\u00ec e avr\u00e0 incontri separati con il Segretario Generale della NATO e i suoi omologhi britannici, greci e Cipro, ha detto sabato il capo della stampa del ministero.<\/strong><\/p>\n<p>Judit Fulop ha detto che Szijjarto incontrer\u00e0 Jens Stoltenberg, il capo della NATO, Philip Hammond, il ministro degli Esteri del Regno Unito, Evangelos Venizelos, vice primo ministro e ministro degli affari esteri della Grecia e Ioannis Kasoulidis, ministro degli Esteri di Cipro.<\/p>\n<p>Szijjarto parteciper\u00e0 a una riunione di lavoro del consiglio degli affari esteri, dove il conflitto in Ucraina sar\u00e0 all&#8217;ordine del giorno, ha detto Fulop, parteciper\u00e0 anche all&#8217;assemblea generale dei membri del governo delle nazioni per discutere l&#8217;iniziativa dell&#8217;UE sullo stato di diritto, rafforzando la programmazione interistituzionale annuale e pluriennale e la creazione dell&#8217;unione energetica per una politica climatica lungimirante.<\/p>\n","protected":false},"excerpt":{"rendered":"<p>Budapest, 5 novembre (MTI) 1 Il ministro degli Esteri Peter Szijjarto parteciper\u00e0 alle riunioni del Consiglio dell&#8217;Unione Europea a Bruxelles luned\u00ec e marted\u00ec e avr\u00e0 incontri separati con il Segretario Generale della NATO e i suoi omologhi britannici, greci e Cipro, ha detto sabato il capo della stampa del ministero. Judit Fulop ha detto che [&hellip;]<\/p>\n","protected":false},"author":2,"featured_media":735493,"comment_status":"open","ping_status":"open","sticky":false,"template":"","format":"standard","meta":{"_display_image":"","footnotes":""},"categories":[1185],"tags":[1092],"class_list":["post-735492","post","type-post","status-publish","format-standard","has-post-thumbnail","hentry","category-politica-in-ungheria","tag-ministero-degli-affari-esteri-dellungheria"],"blocksy_meta":[],"author_username":"alk","telegram_post":"","public_post_metadata":{"breaking_news":"","important":"","csempe":"","center_tile":"","disable_thumbnail":"","target_lang":"","_featured_image_style":"","telegram_post":"","_xlat_group_id":""},"public_rank_math_data":{"title":"%titolo% %sep% %nomesito%","description":"","focus_keyword":"","canonical_url":"","robots":"","primary_category":"1185","breadcrumb_title":"","facebook_title":"","facebook_description":"","facebook_image":"","facebook_image_id":"","twitter_title":"","twitter_description":"","twitter_image":"","twitter_image_id":"","twitter_card_type":"","twitter_use_facebook":"","advanced_robots":"","pillar_content":"","seo_score":"","contentai_score":"","rich_snippet":""},"_links":{"self":[{"href":"https:\/\/dailynewshungary.com\/it\/wp-json\/wp\/v2\/posts\/735492","targetHints":{"allow":["GET"]}}],"collection":[{"href":"https:\/\/dailynewshungary.com\/it\/wp-json\/wp\/v2\/posts"}],"about":[{"href":"https:\/\/dailynewshungary.com\/it\/wp-json\/wp\/v2\/types\/post"}],"author":[{"embeddable":true,"href":"https:\/\/dailynewshungary.com\/it\/wp-json\/wp\/v2\/users\/2"}],"replies":[{"embeddable":true,"href":"https:\/\/dailynewshungary.com\/it\/wp-json\/wp\/v2\/comments?post=735492"}],"version-history":[{"count":0,"href":"https:\/\/dailynewshungary.com\/it\/wp-json\/wp\/v2\/posts\/735492\/revisions"}],"wp:featuredmedia":[{"embeddable":true,"href":"https:\/\/dailynewshungary.com\/it\/wp-json\/wp\/v2\/media\/735493"}],"wp:attachment":[{"href":"https:\/\/dailynewshungary.com\/it\/wp-json\/wp\/v2\/media?parent=735492"}],"wp:term":[{"taxonomy":"category","embeddable":true,"href":"https:\/\/dailynewshungary.com\/it\/wp-json\/wp\/v2\/categories?post=735492"},{"taxonomy":"post_tag","embeddable":true,"href":"https:\/\/dailynewshungary.com\/it\/wp-json\/wp\/v2\/tags?post=735492"}],"curies":[{"name":"wp","href":"https:\/\/api.w.org\/{rel}","templated":true}]}}