{"id":735530,"date":"2014-11-13T07:37:21","date_gmt":"2014-11-13T06:37:21","guid":{"rendered":"https:\/\/dailynewshungary.com\/it\/ungheria-germania-alleata-nel-rafforzamento-delleuropa-dice-szijjarto-a-berlino\/"},"modified":"2014-11-13T07:37:21","modified_gmt":"2014-11-13T06:37:21","slug":"ungheria-germania-alleata-nel-rafforzamento-delleuropa-dice-szijjarto-a-berlino","status":"publish","type":"post","link":"https:\/\/dailynewshungary.com\/it\/ungheria-germania-alleata-nel-rafforzamento-delleuropa-dice-szijjarto-a-berlino\/","title":{"rendered":"Ungheria, Germania alleata nel rafforzamento dell\u2019Europa, dice Szijjarto a Berlino"},"content":{"rendered":"<p><strong>Berlino (MTI) L&#8217;Ungheria continuer\u00e0 a lavorare in stretta collaborazione con la Germania per aiutare l&#8217;Europa a ritrovare le forze, ha detto mercoled\u00ec a Berlino Peter Szijjarto, ministro degli Esteri ungherese.<\/strong><\/p>\n<p>Intervenendo in una conferenza stampa dopo i colloqui con Frank-Walter Steinmeier, il suo omologo tedesco, Szijjarto ha affermato che i risultati ottenuti dall&#8217;Ungheria negli ultimi anni consentono al paese di contribuire a rendere l&#8217;Europa di nuovo forte\u201d piuttosto che a \u201cessere un peso per l&#8217;UE\u201d.<\/p>\n<p>Per quanto riguarda la crisi in Ucraina, Szijjarto ha affermato che l&#8217;Ungheria \u00e8 impegnata a favore della sovranit\u00e0 e dell&#8217;integrit\u00e0 territoriale dell&#8217;Ucraina ed \u00e8 orgogliosa del fatto che fino a tempi recenti l&#8217;Ungheria ha fornito la maggiore quantit\u00e0 di gas dall&#8217;Europa centrale all&#8217;Ucraina\u201d. Ha aggiunto che l&#8217;\u201cUngheria sar\u00e0 sempre fedele alle decisioni congiunte dell&#8217;Europa\u201d.<\/p>\n<p>L&#8217;Ungheria \u00e8 unta alla Germania per il suo sostegno all&#8217;Ungheria \u201c per tornare dalle retrovie all&#8217;avanguardia, ha detto Szijjarto. Ha osservato che la Germania \u00e8 uno degli alleati pi\u00f9 importanti dell&#8217;Ungheria e il suo partner commerciale e di investimento numero uno.<\/p>\n<p>In termini di sicurezza energetica, Szijjarto ha lanciato un appello per il sostegno della Germania al completamento di un collegamento del gas sud-nord nella regione.<\/p>\n<p>Steinmeier ha detto alla stampa che la Germania vuole sviluppare ulteriormente i legami politici, commerciali e culturali con l&#8217;Ungheria. Ha aggiunto che le relazioni bilaterali devono essere costruite \u201cnel quadro di una salvaguardia dei valori europei condivisi.<\/p>\n<p>Per quanto riguarda l&#8217;Ucraina, Steinmeier ha affermato che il mantenimento dell&#8217;attrazione dell&#8217;UE richiede una cooperazione basata su solide basi. In termini di valori democratici e stato di diritto, l&#8217;Unione europea deve dare l&#8217;esempio\u201d, senza lasciare dubbi sul fatto che ciascuno Stato membro si impegna a rispettare i principi costituzionali e le libert\u00e0 civili\u201d.<\/p>\n<p>Rispondendo a una domanda sulla Russia, Szijjarto ha affermato che l&#8217;Ungheria cerca una cooperazione di \u201c\u201d equilibrata, sana e pragmatica con la Russia, ma ha aggiunto che violare le leggi internazionali \u00e8 inaccettabile. L&#8217;Ungheria accoglie con favore il fatto che l&#8217;UE abbia trovato una posizione uniforme sulla questione e \u201c osserver\u00e0 sempre quella posizione\u201d, ha aggiunto.<\/p>\n<p>A Steinmeier \u00e8 stato chiesto del gasdotto South Stream e lui ha detto che ha domande da porre al governo ungherese e che l&#8217;Argentina dovrebbe fornire risposte\u201d.<\/p>\n<p><em>Foto: MTI\/Ministero degli Affari Esteri<\/em><\/p>\n","protected":false},"excerpt":{"rendered":"<p>Berlino (MTI) L&#8217;Ungheria continuer\u00e0 a lavorare in stretta collaborazione con la Germania per aiutare l&#8217;Europa a ritrovare le forze, ha detto mercoled\u00ec a Berlino Peter Szijjarto, ministro degli Esteri ungherese. Intervenendo in una conferenza stampa dopo i colloqui con Frank-Walter Steinmeier, il suo omologo tedesco, Szijjarto ha affermato che i risultati ottenuti dall&#8217;Ungheria negli ultimi [&hellip;]<\/p>\n","protected":false},"author":2,"featured_media":735531,"comment_status":"open","ping_status":"open","sticky":false,"template":"","format":"standard","meta":{"_display_image":"","footnotes":""},"categories":[1185],"tags":[1092],"class_list":["post-735530","post","type-post","status-publish","format-standard","has-post-thumbnail","hentry","category-politica-in-ungheria","tag-ministero-degli-affari-esteri-dellungheria"],"blocksy_meta":[],"author_username":"alk","telegram_post":"","public_post_metadata":{"breaking_news":"","important":"","csempe":"","center_tile":"","disable_thumbnail":"","target_lang":"","_featured_image_style":"","telegram_post":"","_xlat_group_id":""},"public_rank_math_data":{"title":"%titolo% %sep% %nomesito%","description":"","focus_keyword":"","canonical_url":"","robots":"","primary_category":"1185","breadcrumb_title":"","facebook_title":"","facebook_description":"","facebook_image":"","facebook_image_id":"","twitter_title":"","twitter_description":"","twitter_image":"","twitter_image_id":"","twitter_card_type":"","twitter_use_facebook":"","advanced_robots":"","pillar_content":"","seo_score":"","contentai_score":"","rich_snippet":""},"_links":{"self":[{"href":"https:\/\/dailynewshungary.com\/it\/wp-json\/wp\/v2\/posts\/735530","targetHints":{"allow":["GET"]}}],"collection":[{"href":"https:\/\/dailynewshungary.com\/it\/wp-json\/wp\/v2\/posts"}],"about":[{"href":"https:\/\/dailynewshungary.com\/it\/wp-json\/wp\/v2\/types\/post"}],"author":[{"embeddable":true,"href":"https:\/\/dailynewshungary.com\/it\/wp-json\/wp\/v2\/users\/2"}],"replies":[{"embeddable":true,"href":"https:\/\/dailynewshungary.com\/it\/wp-json\/wp\/v2\/comments?post=735530"}],"version-history":[{"count":0,"href":"https:\/\/dailynewshungary.com\/it\/wp-json\/wp\/v2\/posts\/735530\/revisions"}],"wp:featuredmedia":[{"embeddable":true,"href":"https:\/\/dailynewshungary.com\/it\/wp-json\/wp\/v2\/media\/735531"}],"wp:attachment":[{"href":"https:\/\/dailynewshungary.com\/it\/wp-json\/wp\/v2\/media?parent=735530"}],"wp:term":[{"taxonomy":"category","embeddable":true,"href":"https:\/\/dailynewshungary.com\/it\/wp-json\/wp\/v2\/categories?post=735530"},{"taxonomy":"post_tag","embeddable":true,"href":"https:\/\/dailynewshungary.com\/it\/wp-json\/wp\/v2\/tags?post=735530"}],"curies":[{"name":"wp","href":"https:\/\/api.w.org\/{rel}","templated":true}]}}