{"id":735655,"date":"2014-11-04T19:25:18","date_gmt":"2014-11-04T18:25:18","guid":{"rendered":"https:\/\/dailynewshungary.com\/it\/bandiera-al-parlamento-abbassata-a-mezzasta-in-occasione-dellanniversario-del-1956-foto\/"},"modified":"2014-11-04T19:25:18","modified_gmt":"2014-11-04T18:25:18","slug":"bandiera-al-parlamento-abbassata-a-mezzasta-in-occasione-dellanniversario-del-1956-foto","status":"publish","type":"post","link":"https:\/\/dailynewshungary.com\/it\/bandiera-al-parlamento-abbassata-a-mezzasta-in-occasione-dellanniversario-del-1956-foto\/","title":{"rendered":"Bandiera al Parlamento abbassata a mezz\u2019asta in occasione dell\u2019anniversario del 1956 Foto"},"content":{"rendered":"<p><strong><span style=\"font-size: 14px; line-height: 1.5em;\">Budapest, 4 novembre (MTI) 4 La bandiera nazionale \u00e8 stata issata e poi abbassata a mezz&#8217;asta in Parlamento al mattino durante una cerimonia alla presenza del primo ministro Viktor Orban, in occasione del 58\u00b0 anniversario della repressione della rivoluzione antisovietica ungherese e della l\u2019invasione da parte delle truppe sovietiche nel 1956.<\/span><\/strong><\/p>\n<p><a href=\"https:\/\/dailynewshungary.com\/wp-content\/uploads\/2014\/11\/Download-6.jpg\" data-pswp-width=\"\" data-pswp-height=\"\" data-cropped=\"true\"><img loading=\"lazy\" decoding=\"async\" class=\" wp-image-11717 alignleft\" alt=\"Scarica (6)\" src=\"https:\/\/dailynewshungary.com\/wp-content\/uploads\/2014\/11\/Download-6-199x300.jpg\" width=\"159\" height=\"240\" srcset=\"https:\/\/contentf5.dailynewshungary.com\/wp-content\/uploads\/2014\/11\/Download-6-199x300.jpg 199w, https:\/\/contentf5.dailynewshungary.com\/wp-content\/uploads\/2014\/11\/Download-6.jpg 399w\" sizes=\"auto, (max-width: 159px) 100vw, 159px\"><\/a>La cerimonia si \u00e8 svolta con gli onori militari e la bandiera \u00e8 rimasta a mezz&#8217;asta per tutto il giorno.<\/p>\n<p><span style=\"font-size: 14px; line-height: 1.5em;\">Nel pomeriggio si \u00e8 tenuta una commemorazione centrale presso il National Memorial Place nel cimitero pubblico Rakoskeresztur di Budapest, alla quale ha parlato il ministro della Difesa Csaba Hende.<\/span><\/p>\n<p>\u201c1956 ha mostrato che il nostro principale bene nazionale, cos\u00ec come l&#8217;interesse, \u00e8 la sovranit\u00e0; la possibilit\u00e0 per noi di poter decidere da soli del nostro destino, ha detto\u201d Hende, Ha detto che preservare la sovranit\u00e0 \u00e8 rimasto oggi la cosa pi\u00f9 importante per l&#8217;Ungheria.<\/p>\n<p>A chiusura della commemorazione, rappresentanti del governo, dei partiti politici e del parlamento, nonch\u00e9 di altre organizzazioni, hanno deposto corone di fiori e corone al Memorial Place.<\/p>\n<p>Le commemorazioni si concluderanno con un concerto nella Basilica di Santo Stefano marted\u00ec sera.<\/p>\n<p><a href=\"https:\/\/dailynewshungary.com\/wp-content\/uploads\/2014\/11\/Download-91.jpg\" data-pswp-width=\"\" data-pswp-height=\"\" data-cropped=\"true\"><img loading=\"lazy\" decoding=\"async\" class=\"size-full wp-image-11716 aligncenter\" alt=\"Scarica (9)\" src=\"https:\/\/dailynewshungary.com\/wp-content\/uploads\/2014\/11\/Download-91.jpg\" width=\"600\" height=\"399\" srcset=\"https:\/\/contentf5.dailynewshungary.com\/wp-content\/uploads\/2014\/11\/Download-91.jpg 600w, https:\/\/contentf5.dailynewshungary.com\/wp-content\/uploads\/2014\/11\/Download-91-300x200.jpg 300w\" sizes=\"auto, (max-width: 600px) 100vw, 600px\"><\/a><\/p>\n<p><a href=\"https:\/\/dailynewshungary.com\/wp-content\/uploads\/2014\/11\/Download-111.jpg\" data-pswp-width=\"\" data-pswp-height=\"\" data-cropped=\"true\"><img loading=\"lazy\" decoding=\"async\" class=\"size-full wp-image-11714 aligncenter\" alt=\"Scarica (11)\" src=\"https:\/\/dailynewshungary.com\/wp-content\/uploads\/2014\/11\/Download-111.jpg\" width=\"600\" height=\"399\" srcset=\"https:\/\/contentf5.dailynewshungary.com\/wp-content\/uploads\/2014\/11\/Download-111.jpg 600w, https:\/\/contentf5.dailynewshungary.com\/wp-content\/uploads\/2014\/11\/Download-111-300x200.jpg 300w\" sizes=\"auto, (max-width: 600px) 100vw, 600px\"><\/a><\/p>\n<p><a href=\"https:\/\/dailynewshungary.com\/wp-content\/uploads\/2014\/11\/Download-5.jpg\" data-pswp-width=\"\" data-pswp-height=\"\" data-cropped=\"true\"><img loading=\"lazy\" decoding=\"async\" class=\"size-full wp-image-11718 aligncenter\" alt=\"Scarica (5)\" src=\"https:\/\/dailynewshungary.com\/wp-content\/uploads\/2014\/11\/Download-5.jpg\" width=\"600\" height=\"399\" srcset=\"https:\/\/contentf5.dailynewshungary.com\/wp-content\/uploads\/2014\/11\/Download-5.jpg 600w, https:\/\/contentf5.dailynewshungary.com\/wp-content\/uploads\/2014\/11\/Download-5-300x200.jpg 300w\" sizes=\"auto, (max-width: 600px) 100vw, 600px\"><\/a><\/p>\n<p><em>Foto: MTI \u2013 Szilard Koszticsak<\/em><\/p>\n","protected":false},"excerpt":{"rendered":"<p>Budapest, 4 novembre (MTI) 4 La bandiera nazionale \u00e8 stata issata e poi abbassata a mezz&#8217;asta in Parlamento al mattino durante una cerimonia alla presenza del primo ministro Viktor Orban, in occasione del 58\u00b0 anniversario della repressione della rivoluzione antisovietica ungherese e della l\u2019invasione da parte delle truppe sovietiche nel 1956. La cerimonia si \u00e8 [&hellip;]<\/p>\n","protected":false},"author":2,"featured_media":735656,"comment_status":"open","ping_status":"open","sticky":false,"template":"","format":"standard","meta":{"_display_image":"","footnotes":""},"categories":[1304],"tags":[1223],"class_list":["post-735655","post","type-post","status-publish","format-standard","has-post-thumbnail","hentry","category-cultura-in-ungheria","tag-storia"],"blocksy_meta":[],"author_username":"alk","telegram_post":"","public_post_metadata":{"breaking_news":"","important":"","csempe":"","center_tile":"","disable_thumbnail":"","target_lang":"","_featured_image_style":"","telegram_post":"","_xlat_group_id":""},"public_rank_math_data":{"title":"%titolo% %sep% %nomesito%","description":"","focus_keyword":"","canonical_url":"","robots":"","primary_category":"1304","breadcrumb_title":"","facebook_title":"","facebook_description":"","facebook_image":"","facebook_image_id":"","twitter_title":"","twitter_description":"","twitter_image":"","twitter_image_id":"","twitter_card_type":"","twitter_use_facebook":"","advanced_robots":"","pillar_content":"","seo_score":"","contentai_score":"","rich_snippet":""},"_links":{"self":[{"href":"https:\/\/dailynewshungary.com\/it\/wp-json\/wp\/v2\/posts\/735655","targetHints":{"allow":["GET"]}}],"collection":[{"href":"https:\/\/dailynewshungary.com\/it\/wp-json\/wp\/v2\/posts"}],"about":[{"href":"https:\/\/dailynewshungary.com\/it\/wp-json\/wp\/v2\/types\/post"}],"author":[{"embeddable":true,"href":"https:\/\/dailynewshungary.com\/it\/wp-json\/wp\/v2\/users\/2"}],"replies":[{"embeddable":true,"href":"https:\/\/dailynewshungary.com\/it\/wp-json\/wp\/v2\/comments?post=735655"}],"version-history":[{"count":0,"href":"https:\/\/dailynewshungary.com\/it\/wp-json\/wp\/v2\/posts\/735655\/revisions"}],"wp:featuredmedia":[{"embeddable":true,"href":"https:\/\/dailynewshungary.com\/it\/wp-json\/wp\/v2\/media\/735656"}],"wp:attachment":[{"href":"https:\/\/dailynewshungary.com\/it\/wp-json\/wp\/v2\/media?parent=735655"}],"wp:term":[{"taxonomy":"category","embeddable":true,"href":"https:\/\/dailynewshungary.com\/it\/wp-json\/wp\/v2\/categories?post=735655"},{"taxonomy":"post_tag","embeddable":true,"href":"https:\/\/dailynewshungary.com\/it\/wp-json\/wp\/v2\/tags?post=735655"}],"curies":[{"name":"wp","href":"https:\/\/api.w.org\/{rel}","templated":true}]}}