{"id":735671,"date":"2014-11-03T18:03:43","date_gmt":"2014-11-03T17:03:43","guid":{"rendered":"https:\/\/dailynewshungary.com\/it\/lue-non-dovrebbe-limitare-gli-stati-di-successo-nello-sviluppo-economico-afferma-il-funzionario\/"},"modified":"2014-11-03T18:03:43","modified_gmt":"2014-11-03T17:03:43","slug":"lue-non-dovrebbe-limitare-gli-stati-di-successo-nello-sviluppo-economico-afferma-il-funzionario","status":"publish","type":"post","link":"https:\/\/dailynewshungary.com\/it\/lue-non-dovrebbe-limitare-gli-stati-di-successo-nello-sviluppo-economico-afferma-il-funzionario\/","title":{"rendered":"L\u2019UE non dovrebbe limitare gli stati di successo nello sviluppo economico, afferma il funzionario"},"content":{"rendered":"<p><strong>Budapest, 3 novembre (MTI) L&#8217;Ungheria ha raggiunto gli obiettivi di Europa 2020 a una velocit\u00e0 superiore alla media, ma per mantenere questo ritmo, l&#8217;Unione Europea non dovrebbe limitare gli stati di successo nella loro autonomia economica, ha detto luned\u00ec un funzionario del ministero dell&#8217;Economia.<\/strong><\/p>\n<p>Il vice segretario di Stato per la pianificazione economica e la competitivit\u00e0 Laszlo Turoczy ha presentato alla commissione per gli affari europei del Parlamento una revisione a met\u00e0 tempo della strategia Europa 2020.<\/p>\n<p>Far rispettare normative identiche negli Stati membri non render\u00e0 l&#8217;UE pi\u00f9 competitiva, ha detto Turoczy La competitivit\u00e0 della comunit\u00e0 deriver\u00e0 dal fatto che la somma dei suoi singoli membri diventer\u00e0 pi\u00f9 competitiva, ha insistito.<\/p>\n<p><em>Foto: pixabay.com<\/em><\/p>\n","protected":false},"excerpt":{"rendered":"<p>Budapest, 3 novembre (MTI) L&#8217;Ungheria ha raggiunto gli obiettivi di Europa 2020 a una velocit\u00e0 superiore alla media, ma per mantenere questo ritmo, l&#8217;Unione Europea non dovrebbe limitare gli stati di successo nella loro autonomia economica, ha detto luned\u00ec un funzionario del ministero dell&#8217;Economia. Il vice segretario di Stato per la pianificazione economica e la [&hellip;]<\/p>\n","protected":false},"author":2,"featured_media":735672,"comment_status":"open","ping_status":"open","sticky":false,"template":"","format":"standard","meta":{"_display_image":"","footnotes":""},"categories":[1314],"tags":[1132,1075],"class_list":["post-735671","post","type-post","status-publish","format-standard","has-post-thumbnail","hentry","category-economia-in-ungheria","tag-economia","tag-unione-europea"],"blocksy_meta":[],"author_username":"alk","telegram_post":"","public_post_metadata":{"breaking_news":"","important":"","csempe":"","center_tile":"","disable_thumbnail":"","target_lang":"","_featured_image_style":"","telegram_post":"","_xlat_group_id":""},"public_rank_math_data":{"title":"%titolo% %sep% %nomesito%","description":"","focus_keyword":"","canonical_url":"","robots":"","primary_category":"1314","breadcrumb_title":"","facebook_title":"","facebook_description":"","facebook_image":"","facebook_image_id":"","twitter_title":"","twitter_description":"","twitter_image":"","twitter_image_id":"","twitter_card_type":"","twitter_use_facebook":"","advanced_robots":"","pillar_content":"","seo_score":"","contentai_score":"","rich_snippet":""},"_links":{"self":[{"href":"https:\/\/dailynewshungary.com\/it\/wp-json\/wp\/v2\/posts\/735671","targetHints":{"allow":["GET"]}}],"collection":[{"href":"https:\/\/dailynewshungary.com\/it\/wp-json\/wp\/v2\/posts"}],"about":[{"href":"https:\/\/dailynewshungary.com\/it\/wp-json\/wp\/v2\/types\/post"}],"author":[{"embeddable":true,"href":"https:\/\/dailynewshungary.com\/it\/wp-json\/wp\/v2\/users\/2"}],"replies":[{"embeddable":true,"href":"https:\/\/dailynewshungary.com\/it\/wp-json\/wp\/v2\/comments?post=735671"}],"version-history":[{"count":0,"href":"https:\/\/dailynewshungary.com\/it\/wp-json\/wp\/v2\/posts\/735671\/revisions"}],"wp:featuredmedia":[{"embeddable":true,"href":"https:\/\/dailynewshungary.com\/it\/wp-json\/wp\/v2\/media\/735672"}],"wp:attachment":[{"href":"https:\/\/dailynewshungary.com\/it\/wp-json\/wp\/v2\/media?parent=735671"}],"wp:term":[{"taxonomy":"category","embeddable":true,"href":"https:\/\/dailynewshungary.com\/it\/wp-json\/wp\/v2\/categories?post=735671"},{"taxonomy":"post_tag","embeddable":true,"href":"https:\/\/dailynewshungary.com\/it\/wp-json\/wp\/v2\/tags?post=735671"}],"curies":[{"name":"wp","href":"https:\/\/api.w.org\/{rel}","templated":true}]}}