{"id":735705,"date":"2014-11-01T08:24:05","date_gmt":"2014-11-01T07:24:05","guid":{"rendered":"https:\/\/dailynewshungary.com\/it\/lungheria-intensifichera-la-diplomazia-economica-nei-balcani-occidentali-afferma-szijjarto\/"},"modified":"2014-11-01T08:24:05","modified_gmt":"2014-11-01T07:24:05","slug":"lungheria-intensifichera-la-diplomazia-economica-nei-balcani-occidentali-afferma-szijjarto","status":"publish","type":"post","link":"https:\/\/dailynewshungary.com\/it\/lungheria-intensifichera-la-diplomazia-economica-nei-balcani-occidentali-afferma-szijjarto\/","title":{"rendered":"L\u2019Ungheria intensificher\u00e0 la diplomazia economica nei Balcani occidentali, afferma Szijjarto"},"content":{"rendered":"<p><strong>Bratislava, 31 ottobre (MTI) La presenza dell&#8217;Ungheria intensificher\u00e0 la sua diplomazia economica nei Balcani occidentali perch\u00e9 l&#8217;accelerazione dell&#8217;adesione della regione all&#8217;Unione Europea \u00e8 un interesse primario, ha detto venerd\u00ec il ministro degli Affari esteri e del commercio Peter Szijjarto.<\/strong><\/p>\n<p>Szijjarto ha partecipato al secondo e ultimo giorno di un incontro dei ministri degli Esteri dei quattro paesi di Visegrad (Repubblica Ceca, Ungheria, Slovacchia e Polonia) e dei Balcani occidentali (Albania, Bosnia-Erzegovina, Montenegro, Serbia e Kosovo) a Bratislava.<\/p>\n<p>L&#8217;incontro \u00e8 proseguito venerd\u00ec con una sessione plenaria incentrata sul processo di integrazione dell&#8217;UE nei Balcani occidentali.<\/p>\n<p>Le parti presenti all&#8217;incontro hanno lanciato un Fondo per i Balcani occidentali, analogamente all&#8217;esistente Fondo di Visegrad, con Tirana come centro amministrativo Il fondo \u00e8 finalizzato a sostenere il processo di integrazione.<\/p>\n<p>Il conduttore dell&#8217;evento, il ministro degli Esteri slovacco Miroslav Lajcak, ha affermato che il treno \u201c dell&#8217;allargamento non ha perso slancio e va in rotta.<\/p>\n<p>Nel caso di nessuno dei paesi colpiti c\u2019\u00e8 motivo di rallentare il processo di integrazione, e l\u2019Ungheria ha un interesse strategico a vedere stabilit\u00e0 nella regione, ha detto Szijjarto a MTI dopo la conferenza stampa congiunta.<\/p>\n<p>L&#8217;Europa pu\u00f2 riconquistare la maggior parte della competitivit\u00e0 perduta se accelera l&#8217;integrazione, ha aggiunto.<\/p>\n<p>Nei primi sette mesi del 2014, le esportazioni dell&#8217;Ungheria verso i paesi dei Balcani occidentali hanno raggiunto 1,5 miliardi di dollari USA, ovvero un aumento dell&#8217;11% rispetto allo scorso anno.<\/p>\n<p>Rispondendo a una domanda della stampa, Szijjarto ha espresso il sostegno dell&#8217;Ungheria al progetto del gasdotto South Stream come un progetto che aiuta la diversificazione dell&#8217;accesso alle risorse energetiche.<\/p>\n<p>Szijjarto ha condotto colloqui con i ministri degli Esteri Ditmir Bushati e Ivica Dacic, rispettivamente di Albania e Serbia.<\/p>\n","protected":false},"excerpt":{"rendered":"<p>Bratislava, 31 ottobre (MTI) La presenza dell&#8217;Ungheria intensificher\u00e0 la sua diplomazia economica nei Balcani occidentali perch\u00e9 l&#8217;accelerazione dell&#8217;adesione della regione all&#8217;Unione Europea \u00e8 un interesse primario, ha detto venerd\u00ec il ministro degli Affari esteri e del commercio Peter Szijjarto. Szijjarto ha partecipato al secondo e ultimo giorno di un incontro dei ministri degli Esteri dei [&hellip;]<\/p>\n","protected":false},"author":2,"featured_media":735706,"comment_status":"open","ping_status":"open","sticky":false,"template":"","format":"standard","meta":{"_display_image":"","footnotes":""},"categories":[1185],"tags":[1092],"class_list":["post-735705","post","type-post","status-publish","format-standard","has-post-thumbnail","hentry","category-politica-in-ungheria","tag-ministero-degli-affari-esteri-dellungheria"],"blocksy_meta":[],"author_username":"alk","telegram_post":"","public_post_metadata":{"breaking_news":"","important":"","csempe":"","center_tile":"","disable_thumbnail":"","target_lang":"","_featured_image_style":"","telegram_post":"","_xlat_group_id":""},"public_rank_math_data":{"title":"%titolo% %sep% %nomesito%","description":"","focus_keyword":"","canonical_url":"","robots":"","primary_category":"1185","breadcrumb_title":"","facebook_title":"","facebook_description":"","facebook_image":"","facebook_image_id":"","twitter_title":"","twitter_description":"","twitter_image":"","twitter_image_id":"","twitter_card_type":"","twitter_use_facebook":"","advanced_robots":"","pillar_content":"","seo_score":"","contentai_score":"","rich_snippet":""},"_links":{"self":[{"href":"https:\/\/dailynewshungary.com\/it\/wp-json\/wp\/v2\/posts\/735705","targetHints":{"allow":["GET"]}}],"collection":[{"href":"https:\/\/dailynewshungary.com\/it\/wp-json\/wp\/v2\/posts"}],"about":[{"href":"https:\/\/dailynewshungary.com\/it\/wp-json\/wp\/v2\/types\/post"}],"author":[{"embeddable":true,"href":"https:\/\/dailynewshungary.com\/it\/wp-json\/wp\/v2\/users\/2"}],"replies":[{"embeddable":true,"href":"https:\/\/dailynewshungary.com\/it\/wp-json\/wp\/v2\/comments?post=735705"}],"version-history":[{"count":0,"href":"https:\/\/dailynewshungary.com\/it\/wp-json\/wp\/v2\/posts\/735705\/revisions"}],"wp:featuredmedia":[{"embeddable":true,"href":"https:\/\/dailynewshungary.com\/it\/wp-json\/wp\/v2\/media\/735706"}],"wp:attachment":[{"href":"https:\/\/dailynewshungary.com\/it\/wp-json\/wp\/v2\/media?parent=735705"}],"wp:term":[{"taxonomy":"category","embeddable":true,"href":"https:\/\/dailynewshungary.com\/it\/wp-json\/wp\/v2\/categories?post=735705"},{"taxonomy":"post_tag","embeddable":true,"href":"https:\/\/dailynewshungary.com\/it\/wp-json\/wp\/v2\/tags?post=735705"}],"curies":[{"name":"wp","href":"https:\/\/api.w.org\/{rel}","templated":true}]}}