{"id":735745,"date":"2014-10-29T16:57:03","date_gmt":"2014-10-29T15:57:03","guid":{"rendered":"https:\/\/dailynewshungary.com\/it\/giornata-turca-in-ungheria-turkish-day-in-ungheria-alle-migliori-relazioni-ungherese-turche-afferma-lambasciatore\/"},"modified":"2014-10-29T16:57:03","modified_gmt":"2014-10-29T15:57:03","slug":"giornata-turca-in-ungheria-turkish-day-in-ungheria-alle-migliori-relazioni-ungherese-turche-afferma-lambasciatore","status":"publish","type":"post","link":"https:\/\/dailynewshungary.com\/it\/giornata-turca-in-ungheria-turkish-day-in-ungheria-alle-migliori-relazioni-ungherese-turche-afferma-lambasciatore\/","title":{"rendered":"Giornata turca in Ungheria (Turkish Day in Ungheria) alle migliori relazioni ungherese-turche, afferma l\u2019ambasciatore"},"content":{"rendered":"<p><strong>Budapest, 9 ottobre (MTI) 2 Le relazioni ungherese-turche sono molto strette e al meglio di tutti i tempi, ha detto all&#8217;MTI l&#8217;ambasciatore turco a Budapest Sakir Fakili, in occasione della Giornata turca dei media pubblici mercoled\u00ec.<\/strong><\/p>\n<p><a href=\"https:\/\/dailynewshungary.com\/wp-content\/uploads\/2014\/10\/turkish-hungarian-3.jpg\" data-pswp-width=\"\" data-pswp-height=\"\" data-cropped=\"true\"><img loading=\"lazy\" decoding=\"async\" class=\" wp-image-11556 alignleft\" alt=\"turco-ungherese-3\" src=\"https:\/\/dailynewshungary.com\/wp-content\/uploads\/2014\/10\/turkish-hungarian-3-199x300.jpg\" width=\"199\" height=\"300\" srcset=\"https:\/\/contentf5.dailynewshungary.com\/wp-content\/uploads\/2014\/10\/turkish-hungarian-3-199x300.jpg 199w, https:\/\/contentf5.dailynewshungary.com\/wp-content\/uploads\/2014\/10\/turkish-hungarian-3.jpg 399w\" sizes=\"auto, (max-width: 199px) 100vw, 199px\"><\/a>Gli ultimi due anni hanno visto una svolta nelle relazioni bilaterali, grazie a incontri ad alto livello e a un dialogo politico pi\u00f9 intenso Ha citato le visite in Ungheria del presidente del parlamento turco Cemil Cicek nell&#8217;ottobre 2012, dell&#8217;allora primo ministro Recep Tayyip Erdogan nel febbraio 2013 e poi del presidente Abdullah Gul nel febbraio 2014, nonch\u00e9 la visita del primo ministro ungherese Viktor Orban in Turchia nel dicembre 2013.<\/p>\n<p><span style=\"font-size: 14px; line-height: 1.5em;\">L&#8217;ambasciatore ha detto che la Turchia potrebbe svolgere un ruolo importante nella politica di apertura dell&#8217;Ungheria alla east\u201d perch\u00e9 mantiene strette relazioni con altri paesi interessati da questa strategia La Turchia \u00e8 disposta a cooperare con l&#8217;Ungheria nell&#8217;attuazione di questa strategia, ha detto.<\/span><\/p>\n<p>Sia l&#8217;Ungheria che la Turchia hanno la volont\u00e0 di rafforzare ulteriormente i legami in tutti i campi della vita, ha detto Fakili La cooperazione economica \u00e8 buona ma ci sono ancora molte opportunit\u00e0 per intensificare le relazioni, su cui entrambi i paesi devono lavorare, ha detto l&#8217;ambasciatore, riferendosi ai forum aziendali organizzati in entrambi i paesi e alle riunioni periodiche del comitato misto economico L&#8217;obiettivo \u00e8 che il commercio bilaterale raggiunga i 5 miliardi di dollari entro la fine del 2015, ha detto.<\/p>\n<p><span style=\"font-size: 14px; line-height: 1.5em;\">Ungheria e Turchia potrebbero cooperare in modo efficiente nel settore energetico, dei trasporti, dell&#8217;agricoltura, della ricerca e dell&#8217;istruzione, ha affermato.<\/span><\/p>\n<p><a href=\"https:\/\/dailynewshungary.com\/wp-content\/uploads\/2014\/10\/turkish-hungarian-1.jpg\" data-pswp-width=\"\" data-pswp-height=\"\" data-cropped=\"true\"><img loading=\"lazy\" decoding=\"async\" class=\"size-full wp-image-11558 aligncenter\" alt=\"turco-ungherese-1\" src=\"https:\/\/dailynewshungary.com\/wp-content\/uploads\/2014\/10\/turkish-hungarian-1.jpg\" width=\"600\" height=\"399\" srcset=\"https:\/\/contentf5.dailynewshungary.com\/wp-content\/uploads\/2014\/10\/turkish-hungarian-1.jpg 600w, https:\/\/contentf5.dailynewshungary.com\/wp-content\/uploads\/2014\/10\/turkish-hungarian-1-300x200.jpg 300w\" sizes=\"auto, (max-width: 600px) 100vw, 600px\"><\/a><\/p>\n<p>La Turchia vuole anche rafforzare ulteriormente i legami culturali con l&#8217;Ungheria e la creazione del centro culturale turco Yunus Emre a Budapest e dell&#8217;Istituto Balassi a Istanbul perseguono questo obiettivo, ha aggiunto.<\/p>\n<p>L&#8217;ambasciatore ha affermato che la Turchia apprezza molto il sostegno dell&#8217;Ungheria alle aspirazioni del paese di aderire all&#8217;Unione Europea e non dimenticher\u00e0 che il parlamento ungherese \u00e8 stato tra i primi a riconoscere la propria indipendenza nel 1922.<\/p>\n<p>Foto: MTI \u2013 Tamas Soki, Peter, Komka<\/p>\n","protected":false},"excerpt":{"rendered":"<p>Budapest, 9 ottobre (MTI) 2 Le relazioni ungherese-turche sono molto strette e al meglio di tutti i tempi, ha detto all&#8217;MTI l&#8217;ambasciatore turco a Budapest Sakir Fakili, in occasione della Giornata turca dei media pubblici mercoled\u00ec. Gli ultimi due anni hanno visto una svolta nelle relazioni bilaterali, grazie a incontri ad alto livello e a [&hellip;]<\/p>\n","protected":false},"author":2,"featured_media":735746,"comment_status":"open","ping_status":"open","sticky":false,"template":"","format":"standard","meta":{"_display_image":"","footnotes":""},"categories":[1304],"tags":[1086],"class_list":["post-735745","post","type-post","status-publish","format-standard","has-post-thumbnail","hentry","category-cultura-in-ungheria","tag-turchia"],"blocksy_meta":[],"author_username":"alk","telegram_post":"","public_post_metadata":{"breaking_news":"","important":"","csempe":"","center_tile":"","disable_thumbnail":"","target_lang":"","_featured_image_style":"","telegram_post":"","_xlat_group_id":""},"public_rank_math_data":{"title":"%titolo% %sep% %nomesito%","description":"","focus_keyword":"","canonical_url":"","robots":"","primary_category":"1304","breadcrumb_title":"","facebook_title":"","facebook_description":"","facebook_image":"","facebook_image_id":"","twitter_title":"","twitter_description":"","twitter_image":"","twitter_image_id":"","twitter_card_type":"","twitter_use_facebook":"","advanced_robots":"","pillar_content":"","seo_score":"","contentai_score":"","rich_snippet":""},"_links":{"self":[{"href":"https:\/\/dailynewshungary.com\/it\/wp-json\/wp\/v2\/posts\/735745","targetHints":{"allow":["GET"]}}],"collection":[{"href":"https:\/\/dailynewshungary.com\/it\/wp-json\/wp\/v2\/posts"}],"about":[{"href":"https:\/\/dailynewshungary.com\/it\/wp-json\/wp\/v2\/types\/post"}],"author":[{"embeddable":true,"href":"https:\/\/dailynewshungary.com\/it\/wp-json\/wp\/v2\/users\/2"}],"replies":[{"embeddable":true,"href":"https:\/\/dailynewshungary.com\/it\/wp-json\/wp\/v2\/comments?post=735745"}],"version-history":[{"count":0,"href":"https:\/\/dailynewshungary.com\/it\/wp-json\/wp\/v2\/posts\/735745\/revisions"}],"wp:featuredmedia":[{"embeddable":true,"href":"https:\/\/dailynewshungary.com\/it\/wp-json\/wp\/v2\/media\/735746"}],"wp:attachment":[{"href":"https:\/\/dailynewshungary.com\/it\/wp-json\/wp\/v2\/media?parent=735745"}],"wp:term":[{"taxonomy":"category","embeddable":true,"href":"https:\/\/dailynewshungary.com\/it\/wp-json\/wp\/v2\/categories?post=735745"},{"taxonomy":"post_tag","embeddable":true,"href":"https:\/\/dailynewshungary.com\/it\/wp-json\/wp\/v2\/tags?post=735745"}],"curies":[{"name":"wp","href":"https:\/\/api.w.org\/{rel}","templated":true}]}}