{"id":735791,"date":"2014-10-26T18:17:12","date_gmt":"2014-10-26T17:17:12","guid":{"rendered":"https:\/\/dailynewshungary.com\/it\/inaugurato-il-sito-commemorativo-per-le-vittime-della-fusillata-di-piazza-kossuth\/"},"modified":"2014-10-26T18:17:12","modified_gmt":"2014-10-26T17:17:12","slug":"inaugurato-il-sito-commemorativo-per-le-vittime-della-fusillata-di-piazza-kossuth","status":"publish","type":"post","link":"https:\/\/dailynewshungary.com\/it\/inaugurato-il-sito-commemorativo-per-le-vittime-della-fusillata-di-piazza-kossuth\/","title":{"rendered":"Inaugurato il sito commemorativo per le vittime della fusillata di piazza Kossuth"},"content":{"rendered":"<p><strong>Budapest, 5 ottobre (MTI) 2 Sabato \u00e8 stato inaugurato un luogo commemorativo per le vittime della raffica del 25 ottobre 1956 in piazza Kossuth a Budapest.<\/strong><\/p>\n<p><a href=\"https:\/\/dailynewshungary.com\/wp-content\/uploads\/2014\/10\/Download3.jpg\" data-pswp-width=\"\" data-pswp-height=\"\" data-cropped=\"true\"><img loading=\"lazy\" decoding=\"async\" class=\" wp-image-11462 alignleft\" alt=\"Scarica\" src=\"https:\/\/dailynewshungary.com\/wp-content\/uploads\/2014\/10\/Download3-206x300.jpg\" width=\"165\" height=\"240\" srcset=\"https:\/\/contentf5.dailynewshungary.com\/wp-content\/uploads\/2014\/10\/Download3-206x300.jpg 206w, https:\/\/contentf5.dailynewshungary.com\/wp-content\/uploads\/2014\/10\/Download3.jpg 412w\" sizes=\"auto, (max-width: 165px) 100vw, 165px\"><\/a>Intervenendo alla cerimonia, l&#8217;ex primo ministro Peter Boross ha affermato che la memoria delle vittime ci obbliga non solo a rendere omaggio, ma anche a trarre lezioni. Ha affermato che gli eroici sacrifici che la nazione ha fatto per la libert\u00e0 obbligano le generazioni successive a continuare a ricordare e a vedere chiaramente.<\/p>\n<p><span style=\"line-height: 1.5em;\">L&#8217;ex primo ministro ha ricordato che la raffica di colpi \u00e8 stata sparata contro manifestanti pacifici mentre si stavano radunando davanti al palazzo del parlamento, il terzo giorno della rivolta antisovietica Dopo che i colpi sono stati sparati, la piazza si \u00e8 svuotata, con solo i morti e i feriti lasciati indietro, ma la nazione non si \u00e8 scoraggiata, la gente era arrabbiata e indignata e gli eventi hanno iniziato a prendere velocit\u00e0, ha detto Boross.<\/span><\/p>\n<p>Al termine della cerimonia, il presidente del Parlamento Laszlo Kover e Boross hanno deposto corone di fiori nel luogo della memoria.<\/p>\n<p>Il sito commemorativo \u00e8 stato completato come parte della ricostruzione di piazza Kossuth.<\/p>\n<p><em>Foto: MTI \u2013 Zoltan Mathe<\/em><\/p>\n","protected":false},"excerpt":{"rendered":"<p>Budapest, 5 ottobre (MTI) 2 Sabato \u00e8 stato inaugurato un luogo commemorativo per le vittime della raffica del 25 ottobre 1956 in piazza Kossuth a Budapest. Intervenendo alla cerimonia, l&#8217;ex primo ministro Peter Boross ha affermato che la memoria delle vittime ci obbliga non solo a rendere omaggio, ma anche a trarre lezioni. Ha affermato [&hellip;]<\/p>\n","protected":false},"author":2,"featured_media":735792,"comment_status":"open","ping_status":"open","sticky":false,"template":"","format":"standard","meta":{"_display_image":"","footnotes":""},"categories":[1304],"tags":[1158,1223],"class_list":["post-735791","post","type-post","status-publish","format-standard","has-post-thumbnail","hentry","category-cultura-in-ungheria","tag-budapest","tag-storia"],"blocksy_meta":[],"author_username":"alk","telegram_post":"","public_post_metadata":{"breaking_news":"","important":"","csempe":"","center_tile":"","disable_thumbnail":"","target_lang":"","_featured_image_style":"","telegram_post":"","_xlat_group_id":""},"public_rank_math_data":{"title":"%titolo% %sep% %nomesito%","description":"","focus_keyword":"","canonical_url":"","robots":"","primary_category":"1304","breadcrumb_title":"","facebook_title":"","facebook_description":"","facebook_image":"","facebook_image_id":"","twitter_title":"","twitter_description":"","twitter_image":"","twitter_image_id":"","twitter_card_type":"","twitter_use_facebook":"","advanced_robots":"","pillar_content":"","seo_score":"","contentai_score":"","rich_snippet":""},"_links":{"self":[{"href":"https:\/\/dailynewshungary.com\/it\/wp-json\/wp\/v2\/posts\/735791","targetHints":{"allow":["GET"]}}],"collection":[{"href":"https:\/\/dailynewshungary.com\/it\/wp-json\/wp\/v2\/posts"}],"about":[{"href":"https:\/\/dailynewshungary.com\/it\/wp-json\/wp\/v2\/types\/post"}],"author":[{"embeddable":true,"href":"https:\/\/dailynewshungary.com\/it\/wp-json\/wp\/v2\/users\/2"}],"replies":[{"embeddable":true,"href":"https:\/\/dailynewshungary.com\/it\/wp-json\/wp\/v2\/comments?post=735791"}],"version-history":[{"count":0,"href":"https:\/\/dailynewshungary.com\/it\/wp-json\/wp\/v2\/posts\/735791\/revisions"}],"wp:featuredmedia":[{"embeddable":true,"href":"https:\/\/dailynewshungary.com\/it\/wp-json\/wp\/v2\/media\/735792"}],"wp:attachment":[{"href":"https:\/\/dailynewshungary.com\/it\/wp-json\/wp\/v2\/media?parent=735791"}],"wp:term":[{"taxonomy":"category","embeddable":true,"href":"https:\/\/dailynewshungary.com\/it\/wp-json\/wp\/v2\/categories?post=735791"},{"taxonomy":"post_tag","embeddable":true,"href":"https:\/\/dailynewshungary.com\/it\/wp-json\/wp\/v2\/tags?post=735791"}],"curies":[{"name":"wp","href":"https:\/\/api.w.org\/{rel}","templated":true}]}}