{"id":735879,"date":"2014-10-19T07:45:13","date_gmt":"2014-10-19T05:45:13","guid":{"rendered":"https:\/\/dailynewshungary.com\/it\/importante-vermeer-arriva-a-budapest-per-lesposizione\/"},"modified":"2014-10-19T07:45:13","modified_gmt":"2014-10-19T05:45:13","slug":"importante-vermeer-arriva-a-budapest-per-lesposizione","status":"publish","type":"post","link":"https:\/\/dailynewshungary.com\/it\/importante-vermeer-arriva-a-budapest-per-lesposizione\/","title":{"rendered":"Importante Vermeer arriva a Budapest per l\u2019esposizione"},"content":{"rendered":"<p><strong>(MTI) (L&#8217;astronomo) L&#8217;astronomo, uno dei dipinti pi\u00f9 famosi del maestro olandese del XVII secolo Johannes Vermeer, \u00e8 arrivato a Budapest e sar\u00e0 esposto come parte di una mostra nel Museo delle Belle Arti.<\/strong><\/p>\n<p>La mostra su larga scala, incentrata su Rembrandt e sulla \u201cgolden century\u201d della pittura olandese, presenter\u00e0 178 immagini di 100 artisti, tra cui 20 Rembrandt, ha detto a MTI Laszlo Baan, direttore del museo.<\/p>\n<p>La mostra si aprir\u00e0 il 31 ottobre e si chiuder\u00e0 il 15 febbraio del prossimo anno, Lo stesso giorno, il museo chiuder\u00e0 anche per un progetto di ricostruzione triennale.<\/p>\n<p><em>Foto: MTI \u2013 Bruz\u00e1k No\u00e9mi<\/em><\/p>\n","protected":false},"excerpt":{"rendered":"<p>(MTI) (L&#8217;astronomo) L&#8217;astronomo, uno dei dipinti pi\u00f9 famosi del maestro olandese del XVII secolo Johannes Vermeer, \u00e8 arrivato a Budapest e sar\u00e0 esposto come parte di una mostra nel Museo delle Belle Arti. La mostra su larga scala, incentrata su Rembrandt e sulla \u201cgolden century\u201d della pittura olandese, presenter\u00e0 178 immagini di 100 artisti, tra [&hellip;]<\/p>\n","protected":false},"author":2,"featured_media":735880,"comment_status":"open","ping_status":"open","sticky":false,"template":"","format":"standard","meta":{"_display_image":"","footnotes":""},"categories":[1304],"tags":[1104],"class_list":["post-735879","post","type-post","status-publish","format-standard","has-post-thumbnail","hentry","category-cultura-in-ungheria","tag-mostra"],"blocksy_meta":[],"author_username":"alk","telegram_post":"","public_post_metadata":{"breaking_news":"","important":"","csempe":"","center_tile":"","disable_thumbnail":"","target_lang":"","_featured_image_style":"","telegram_post":"","_xlat_group_id":""},"public_rank_math_data":{"title":"%titolo% %sep% %nomesito%","description":"","focus_keyword":"","canonical_url":"","robots":"","primary_category":"1304","breadcrumb_title":"","facebook_title":"","facebook_description":"","facebook_image":"","facebook_image_id":"","twitter_title":"","twitter_description":"","twitter_image":"","twitter_image_id":"","twitter_card_type":"","twitter_use_facebook":"","advanced_robots":"","pillar_content":"","seo_score":"","contentai_score":"","rich_snippet":""},"_links":{"self":[{"href":"https:\/\/dailynewshungary.com\/it\/wp-json\/wp\/v2\/posts\/735879","targetHints":{"allow":["GET"]}}],"collection":[{"href":"https:\/\/dailynewshungary.com\/it\/wp-json\/wp\/v2\/posts"}],"about":[{"href":"https:\/\/dailynewshungary.com\/it\/wp-json\/wp\/v2\/types\/post"}],"author":[{"embeddable":true,"href":"https:\/\/dailynewshungary.com\/it\/wp-json\/wp\/v2\/users\/2"}],"replies":[{"embeddable":true,"href":"https:\/\/dailynewshungary.com\/it\/wp-json\/wp\/v2\/comments?post=735879"}],"version-history":[{"count":0,"href":"https:\/\/dailynewshungary.com\/it\/wp-json\/wp\/v2\/posts\/735879\/revisions"}],"wp:featuredmedia":[{"embeddable":true,"href":"https:\/\/dailynewshungary.com\/it\/wp-json\/wp\/v2\/media\/735880"}],"wp:attachment":[{"href":"https:\/\/dailynewshungary.com\/it\/wp-json\/wp\/v2\/media?parent=735879"}],"wp:term":[{"taxonomy":"category","embeddable":true,"href":"https:\/\/dailynewshungary.com\/it\/wp-json\/wp\/v2\/categories?post=735879"},{"taxonomy":"post_tag","embeddable":true,"href":"https:\/\/dailynewshungary.com\/it\/wp-json\/wp\/v2\/tags?post=735879"}],"curies":[{"name":"wp","href":"https:\/\/api.w.org\/{rel}","templated":true}]}}