{"id":735899,"date":"2014-10-17T07:39:30","date_gmt":"2014-10-17T05:39:30","guid":{"rendered":"https:\/\/dailynewshungary.com\/it\/orban-i-legami-economici-ungherese-singapore-si-rafforzano\/"},"modified":"2014-10-17T07:39:30","modified_gmt":"2014-10-17T05:39:30","slug":"orban-i-legami-economici-ungherese-singapore-si-rafforzano","status":"publish","type":"post","link":"https:\/\/dailynewshungary.com\/it\/orban-i-legami-economici-ungherese-singapore-si-rafforzano\/","title":{"rendered":"Orban: i legami economici ungherese-singapore si rafforzano"},"content":{"rendered":"<p><strong>Budapest, 1 ottobre (MTI) Le opportunit\u00e0 commerciali e di investimento sono state al centro dei colloqui tra Viktor Orban, il premier ungherese, e la controparte singaporiana Lee Hsien Loong a Milano gioved\u00ec, ha detto gioved\u00ec il portavoce del gabinetto a MTI.<\/strong><\/p>\n<blockquote>\n<p>\u201cIn colloqui separati sul luogo dell&#8217;incontro Asia-Europa, \u00e8 stato stabilito con soddisfazione che nel prossimo futuro in Ungheria potrebbero essere realizzati diversi investimenti a Singapore, ha affermato la\u201d Bertalan Havasi.<\/p>\n<\/blockquote>\n<p>Le parti hanno stabilito che un segno della forza dei legami economici bilaterali \u00e8 che una casa commerciale ungherese opera gi\u00e0 a Singapore, e capitali provenienti da Singapore sono presenti in una societ\u00e0 che gestisce l&#8217;aeroporto internazionale di Budapest, ha detto.<\/p>\n<p>All&#8217;incontro era presente anche Peter Szijjarto, ministro degli affari esteri e del commercio.<\/p>\n<p><em>Foto: MTI (Ufficio del Primo Ministro)\/Barna Burger<\/em><\/p>\n","protected":false},"excerpt":{"rendered":"<p>Budapest, 1 ottobre (MTI) Le opportunit\u00e0 commerciali e di investimento sono state al centro dei colloqui tra Viktor Orban, il premier ungherese, e la controparte singaporiana Lee Hsien Loong a Milano gioved\u00ec, ha detto gioved\u00ec il portavoce del gabinetto a MTI. \u201cIn colloqui separati sul luogo dell&#8217;incontro Asia-Europa, \u00e8 stato stabilito con soddisfazione che nel [&hellip;]<\/p>\n","protected":false},"author":2,"featured_media":735900,"comment_status":"open","ping_status":"open","sticky":false,"template":"","format":"standard","meta":{"_display_image":"","footnotes":""},"categories":[1314],"tags":[1157,1132],"class_list":["post-735899","post","type-post","status-publish","format-standard","has-post-thumbnail","hentry","category-economia-in-ungheria","tag-asia","tag-economia"],"blocksy_meta":[],"author_username":"alk","telegram_post":"","public_post_metadata":{"breaking_news":"","important":"","csempe":"","center_tile":"","disable_thumbnail":"","target_lang":"","_featured_image_style":"","telegram_post":"","_xlat_group_id":""},"public_rank_math_data":{"title":"%titolo% %sep% %nomesito%","description":"","focus_keyword":"","canonical_url":"","robots":"","primary_category":"1314","breadcrumb_title":"","facebook_title":"","facebook_description":"","facebook_image":"","facebook_image_id":"","twitter_title":"","twitter_description":"","twitter_image":"","twitter_image_id":"","twitter_card_type":"","twitter_use_facebook":"","advanced_robots":"","pillar_content":"","seo_score":"","contentai_score":"","rich_snippet":""},"_links":{"self":[{"href":"https:\/\/dailynewshungary.com\/it\/wp-json\/wp\/v2\/posts\/735899","targetHints":{"allow":["GET"]}}],"collection":[{"href":"https:\/\/dailynewshungary.com\/it\/wp-json\/wp\/v2\/posts"}],"about":[{"href":"https:\/\/dailynewshungary.com\/it\/wp-json\/wp\/v2\/types\/post"}],"author":[{"embeddable":true,"href":"https:\/\/dailynewshungary.com\/it\/wp-json\/wp\/v2\/users\/2"}],"replies":[{"embeddable":true,"href":"https:\/\/dailynewshungary.com\/it\/wp-json\/wp\/v2\/comments?post=735899"}],"version-history":[{"count":0,"href":"https:\/\/dailynewshungary.com\/it\/wp-json\/wp\/v2\/posts\/735899\/revisions"}],"wp:featuredmedia":[{"embeddable":true,"href":"https:\/\/dailynewshungary.com\/it\/wp-json\/wp\/v2\/media\/735900"}],"wp:attachment":[{"href":"https:\/\/dailynewshungary.com\/it\/wp-json\/wp\/v2\/media?parent=735899"}],"wp:term":[{"taxonomy":"category","embeddable":true,"href":"https:\/\/dailynewshungary.com\/it\/wp-json\/wp\/v2\/categories?post=735899"},{"taxonomy":"post_tag","embeddable":true,"href":"https:\/\/dailynewshungary.com\/it\/wp-json\/wp\/v2\/tags?post=735899"}],"curies":[{"name":"wp","href":"https:\/\/api.w.org\/{rel}","templated":true}]}}