{"id":736113,"date":"2014-10-01T14:24:41","date_gmt":"2014-10-01T12:24:41","guid":{"rendered":"https:\/\/dailynewshungary.com\/it\/szijjarto-si-impegna-a-gettare-le-basi-di-una-nuova-politica-estera\/"},"modified":"2014-10-01T14:24:41","modified_gmt":"2014-10-01T12:24:41","slug":"szijjarto-si-impegna-a-gettare-le-basi-di-una-nuova-politica-estera","status":"publish","type":"post","link":"https:\/\/dailynewshungary.com\/it\/szijjarto-si-impegna-a-gettare-le-basi-di-una-nuova-politica-estera\/","title":{"rendered":"Szijjarto si impegna a gettare le basi di una nuova politica estera"},"content":{"rendered":"<p><strong>Budapest, 1 ottobre (MTI) La diplomazia ungherese si concentrer\u00e0 sul far rispettare gli interessi economici del paese nel modo pi\u00f9 efficace all&#8217;interno del nuovo ordine mondiale, ha detto oggi Peter Szijjarto.<\/strong><\/p>\n<p>\u201cGetteremo le basi della nuova politica estera dell&#8217;Ungheria in modo irreversibile, per sempre,\u201d, ha dichiarato in una conferenza stampa a Budapest il nuovo ministro degli Affari esteri e del commercio.<\/p>\n<p>Rispondendo ad una domanda, Szijjarto ha affermato che il ministero non ha ancora avviato i colloqui sulla possibile visita della cancelliera federale tedesca Angela Merkel a Budapest.<\/p>\n<p>Il capo di gabinetto Janos Lazar ha annunciato dopo i colloqui a Berlino marted\u00ec che la Merkel potrebbe visitare l&#8217;Ungheria nel primo trimestre del 2015.<\/p>\n<p>Szijjarto ha anche affermato che, sebbene gli Stati Uniti siano l&#8217;alleato strategico e l&#8217;amico dell&#8217;Ungheria, ed \u00e8 corretto ascoltare la voce degli amici, l&#8217;Ungheria dovrebbe protestare ogni volta che vengono fatte osservazioni prive di basi fattuali.<\/p>\n<p>In un recente discorso tenuto da Barack Obama alla conferenza annuale della Clinton Global Initiative, il presidente degli Stati Uniti ha menzionato l&#8217;Ungheria tra i paesi che limitano la societ\u00e0 civile.<\/p>\n<p>Szijjarto ha detto che visiter\u00e0 Washington, DC alla fine di ottobre per colloqui economici e politici.<\/p>\n<p>Per quanto riguarda l&#8217;Ucraina, il ministro ha sottolineato che l&#8217;Ungheria sostiene una soluzione negoziata e nutre dubbi sull&#8217;efficacia delle sanzioni.<\/p>\n<p>Ha sottolineato che la forza dell&#8217;Europa centrale risiede nella cooperazione, che \u00e8 un interesse acquisito anche dei Quattro di Visegrad.<\/p>\n<p>Szijjarto ha definito di importanza strategica la cooperazione ungherese-rumena, aggiungendo che l&#8217;Ungheria si impegna per relazioni efficaci, equilibrate e stabili.<\/p>\n<p>Riguardo alla nomina di Tibor Navracsics a commissario europeo, Szijjarto ha detto che il governo ha delegato il miglior candidato possibile \u00c8 un&#8217;altra questione, tuttavia, a quali attacchi politici sarebbe esposto al Parlamento europeo, ma questo non ha nulla a che fare con le sue qualit\u00e0 o idee personali, ha detto.<\/p>\n<p>Delineando la nuova struttura del ministero, Szijjarto ha detto che il segretario di stato Laszlo Szabo sar\u00e0 promosso a segretario di stato parlamentare e viceministro Il segretariato di stato per la diplomazia economica sar\u00e0 guidato da Levente Magyar Istvan Ijgyarto, che ora \u00e8 vice segretario di stato per l&#8217;apertura orientale, diventer\u00e0 il segretario di stato incaricato della diplomazia culturale Balazs Kohut, il segretario di stato per gli affari economici, diventer\u00e0 segretario di stato amministrativo.<\/p>\n<p>Szijjarto ha annunciato che marted\u00ec prossimo far\u00e0 la sua prima visita ufficiale all&#8217;estero a Bratislava.<\/p>\n<p>Il ministro ha detto di aver convocato una consultazione con i sette partiti parlamentari entro gioved\u00ec e che si consulter\u00e0 anche con i suoi predecessori.<\/p>\n<p><em>Foto: MTI \u2013 Lajos Soos<\/em><\/p>\n","protected":false},"excerpt":{"rendered":"<p>Budapest, 1 ottobre (MTI) La diplomazia ungherese si concentrer\u00e0 sul far rispettare gli interessi economici del paese nel modo pi\u00f9 efficace all&#8217;interno del nuovo ordine mondiale, ha detto oggi Peter Szijjarto. \u201cGetteremo le basi della nuova politica estera dell&#8217;Ungheria in modo irreversibile, per sempre,\u201d, ha dichiarato in una conferenza stampa a Budapest il nuovo ministro [&hellip;]<\/p>\n","protected":false},"author":2,"featured_media":736114,"comment_status":"open","ping_status":"open","sticky":false,"template":"","format":"standard","meta":{"_display_image":"","footnotes":""},"categories":[1185],"tags":[1092],"class_list":["post-736113","post","type-post","status-publish","format-standard","has-post-thumbnail","hentry","category-politica-in-ungheria","tag-ministero-degli-affari-esteri-dellungheria"],"blocksy_meta":[],"author_username":"alk","telegram_post":"","public_post_metadata":{"breaking_news":"","important":"","csempe":"","center_tile":"","disable_thumbnail":"","target_lang":"","_featured_image_style":"","telegram_post":"","_xlat_group_id":""},"public_rank_math_data":{"title":"%titolo% %sep% %nomesito%","description":"","focus_keyword":"","canonical_url":"","robots":"","primary_category":"1185","breadcrumb_title":"","facebook_title":"","facebook_description":"","facebook_image":"","facebook_image_id":"","twitter_title":"","twitter_description":"","twitter_image":"","twitter_image_id":"","twitter_card_type":"","twitter_use_facebook":"","advanced_robots":"","pillar_content":"","seo_score":"","contentai_score":"","rich_snippet":""},"_links":{"self":[{"href":"https:\/\/dailynewshungary.com\/it\/wp-json\/wp\/v2\/posts\/736113","targetHints":{"allow":["GET"]}}],"collection":[{"href":"https:\/\/dailynewshungary.com\/it\/wp-json\/wp\/v2\/posts"}],"about":[{"href":"https:\/\/dailynewshungary.com\/it\/wp-json\/wp\/v2\/types\/post"}],"author":[{"embeddable":true,"href":"https:\/\/dailynewshungary.com\/it\/wp-json\/wp\/v2\/users\/2"}],"replies":[{"embeddable":true,"href":"https:\/\/dailynewshungary.com\/it\/wp-json\/wp\/v2\/comments?post=736113"}],"version-history":[{"count":0,"href":"https:\/\/dailynewshungary.com\/it\/wp-json\/wp\/v2\/posts\/736113\/revisions"}],"wp:featuredmedia":[{"embeddable":true,"href":"https:\/\/dailynewshungary.com\/it\/wp-json\/wp\/v2\/media\/736114"}],"wp:attachment":[{"href":"https:\/\/dailynewshungary.com\/it\/wp-json\/wp\/v2\/media?parent=736113"}],"wp:term":[{"taxonomy":"category","embeddable":true,"href":"https:\/\/dailynewshungary.com\/it\/wp-json\/wp\/v2\/categories?post=736113"},{"taxonomy":"post_tag","embeddable":true,"href":"https:\/\/dailynewshungary.com\/it\/wp-json\/wp\/v2\/tags?post=736113"}],"curies":[{"name":"wp","href":"https:\/\/api.w.org\/{rel}","templated":true}]}}