{"id":736123,"date":"2014-09-30T14:13:19","date_gmt":"2014-09-30T12:13:19","guid":{"rendered":"https:\/\/dailynewshungary.com\/it\/holding-nazionale-di-pubblica-utilita-ecco-i-dettagli\/"},"modified":"2014-09-30T14:13:19","modified_gmt":"2014-09-30T12:13:19","slug":"holding-nazionale-di-pubblica-utilita-ecco-i-dettagli","status":"publish","type":"post","link":"https:\/\/dailynewshungary.com\/it\/holding-nazionale-di-pubblica-utilita-ecco-i-dettagli\/","title":{"rendered":"Holding nazionale di pubblica utilit\u00e0: ecco i dettagli"},"content":{"rendered":"<p><strong>La holding nazionale di pubblica utilit\u00e0 potrebbe iniziare le operazioni al pi\u00f9 tardi entro marzo 2015 e F invece, ora controllata dallo stato, potrebbe fungere da base, ha annunciato domenica J\u00e1nos L\u00e1z\u00e1r a Mak\u00f3.<\/strong><\/p>\n<p><span style=\"color: #ff0000;\"><strong>Articolo correlato:&nbsp;<\/strong><\/span><br \/>\n<span style=\"color: #ff0000;\"><strong><a href=\"https:\/\/dailynewshungary.com\/it\/lazar-balog-incontrano-i-leader-della-chiesa-locale-nellungheria-meridionale\/\" target=\"_blank\"><span style=\"color: #ff0000;\">Lazar, Balog incontrano i leader della chiesa locale nell&#8217;Ungheria meridionale<\/span><\/a><\/strong><\/span><\/p>\n<p>Il ministro responsabile dell&#8217;Ufficio del Primo Ministro ha dichiarato in un forum tenuto davanti ai giornalisti che il compito iniziale della prima holding nazionale di pubblica utilit\u00e0 sar\u00e0 quello di fornire elettricit\u00e0, gas e servizio di teleriscaldamento I servizi di approvvigionamento idrico, smaltimento delle acque reflue e smaltimento dei rifiuti potrebbero iniziare pi\u00f9 tardi, ha aggiunto Il primo ministro ha nominato il segretario di stato dell&#8217;Ufficio del Primo Ministro L\u00e1szl\u00f3n\u00e9 N\u00e9meth incaricato di organizzare la holding.<\/p>\n<p>La societ\u00e0 interamente di propriet\u00e0 statale tenter\u00e0 di fornire elettricit\u00e0, gas e teleriscaldamento in condizioni di mercato battendo i suoi rivali nella competizione al maggior numero possibile di famiglie, ha detto J\u00e1nos L\u00e1z\u00e1r. Il politico ha affermato che il governo non desidera superare gli attuali attori del mercato utilizzando mezzi statali, la societ\u00e0 statale ha cercato di guadagnare la fiducia dei consumatori attraverso servizi a standard elevati e prezzi competitivi.<\/p>\n<p>In base alla legislazione dell&#8217;UE, si distingue tra la manutenzione della rete e l&#8217;offerta dei consumatori, quindi non esiste alcuna barriera tecnica al servizio Lo Stato ha acquistato F inveceg\u00e1z, che potrebbe servire come una buona base per la holding nazionale di pubblica utilit\u00e0, ha detto il ministro.<\/p>\n<p><strong>Holding e riduzione dei prezzi di pubblica utilit\u00e0<\/strong><\/p>\n<p>Come riportato in precedenza, J\u00e1nos L\u00e1z\u00e1r ha annunciato sabato che il governo ha preso una decisione sulla creazione di una societ\u00e0 nazionale di servizi pubblici nella sessione di gioved\u00ec. Ha detto che l&#8217;obiettivo principale non sar\u00e0 quello di ottenere un profitto ma di fornire un servizio sicuro ed economico. Il ministro dell&#8217;Economia nazionale Mih\u00e1ly Varga ha sottolineato in relazione alla partecipazione a H\u00edr TV che volevamo appartenere a paesi in cui i servizi pubblici sono accessibili e ci\u00f2 richiedeva la creazione di una holding di servizi pubblici.<\/p>\n<p>Sulla base di uno studio dell&#8217;Associazione ungherese per l&#8217;energia, Magyar Nemzet aveva precedentemente riferito che i consumatori residenziali avrebbero potuto comportarsi bene con la creazione della holding statale di servizi pubblici.<br \/>\nPrima di tutto, con la diminuzione dei servizi pubblici a tre livelli quest&#8217;anno, il gas \u00e8 diventato pi\u00f9 economico: il suo prezzo \u00e8 diminuito del 6,5% a partire dal 1\u00b0 aprile. Sulla scia del prezzo del gas \u00e8 diminuito di un ulteriore 5,7% da settembre e del prezzo del teleriscaldamento del 3,3% da ottobre.<\/p>\n<p>Il primo giorno della sessione autunnale del parlamento, nel suo discorso su questioni urgenti e di attualit\u00e0, il primo ministro Viktor Orb\u00e1n ha parlato anche del taglio dei prezzi dei servizi pubblici evidenziandone gli effetti positivi sull&#8217;economia, soprattutto in termini di significativa crescita economica. Il taglio dei prezzi dei servizi pubblici \u00e8 l&#8217;essenza centrale di tutta la nostra politica (&#8230;), si tratta di non permettere a nessuno di spennare gli ungheresi sette volte per i servizi di base\u201d.<\/p>\n<p><em>basato sull&#8217;articolo di mno.hu<\/em><\/p>\n<p><em>Foto:&nbsp;<a href=\"http:\/\/zaol.hu\/hirek\/olvasoi-panasz-hibazott-az-eon-leolvasoja-1548574\" data-ved=\"0CAYQjB0\" target=\"_blank\" rel=\"noopener\">zaol.hu<\/a><\/em><\/p>\n","protected":false},"excerpt":{"rendered":"<p>La holding nazionale di pubblica utilit\u00e0 potrebbe iniziare le operazioni al pi\u00f9 tardi entro marzo 2015 e F invece, ora controllata dallo stato, potrebbe fungere da base, ha annunciato domenica J\u00e1nos L\u00e1z\u00e1r a Mak\u00f3. Articolo correlato:&nbsp; Lazar, Balog incontrano i leader della chiesa locale nell&#8217;Ungheria meridionale Il ministro responsabile dell&#8217;Ufficio del Primo Ministro ha dichiarato [&hellip;]<\/p>\n","protected":false},"author":2,"featured_media":736124,"comment_status":"open","ping_status":"open","sticky":false,"template":"","format":"standard","meta":{"_display_image":"","footnotes":""},"categories":[1314],"tags":[1066],"class_list":["post-736123","post","type-post","status-publish","format-standard","has-post-thumbnail","hentry","category-economia-in-ungheria","tag-hungary"],"blocksy_meta":[],"author_username":"alk","telegram_post":"","public_post_metadata":{"breaking_news":"","important":"","csempe":"","center_tile":"","disable_thumbnail":"","target_lang":"","_featured_image_style":"","telegram_post":"","_xlat_group_id":""},"public_rank_math_data":{"title":"%titolo% %sep% %nomesito%","description":"","focus_keyword":"","canonical_url":"","robots":"","primary_category":"1314","breadcrumb_title":"","facebook_title":"","facebook_description":"","facebook_image":"","facebook_image_id":"","twitter_title":"","twitter_description":"","twitter_image":"","twitter_image_id":"","twitter_card_type":"","twitter_use_facebook":"","advanced_robots":"","pillar_content":"","seo_score":"","contentai_score":"","rich_snippet":""},"_links":{"self":[{"href":"https:\/\/dailynewshungary.com\/it\/wp-json\/wp\/v2\/posts\/736123","targetHints":{"allow":["GET"]}}],"collection":[{"href":"https:\/\/dailynewshungary.com\/it\/wp-json\/wp\/v2\/posts"}],"about":[{"href":"https:\/\/dailynewshungary.com\/it\/wp-json\/wp\/v2\/types\/post"}],"author":[{"embeddable":true,"href":"https:\/\/dailynewshungary.com\/it\/wp-json\/wp\/v2\/users\/2"}],"replies":[{"embeddable":true,"href":"https:\/\/dailynewshungary.com\/it\/wp-json\/wp\/v2\/comments?post=736123"}],"version-history":[{"count":0,"href":"https:\/\/dailynewshungary.com\/it\/wp-json\/wp\/v2\/posts\/736123\/revisions"}],"wp:featuredmedia":[{"embeddable":true,"href":"https:\/\/dailynewshungary.com\/it\/wp-json\/wp\/v2\/media\/736124"}],"wp:attachment":[{"href":"https:\/\/dailynewshungary.com\/it\/wp-json\/wp\/v2\/media?parent=736123"}],"wp:term":[{"taxonomy":"category","embeddable":true,"href":"https:\/\/dailynewshungary.com\/it\/wp-json\/wp\/v2\/categories?post=736123"},{"taxonomy":"post_tag","embeddable":true,"href":"https:\/\/dailynewshungary.com\/it\/wp-json\/wp\/v2\/tags?post=736123"}],"curies":[{"name":"wp","href":"https:\/\/api.w.org\/{rel}","templated":true}]}}