{"id":736135,"date":"2014-09-29T18:01:06","date_gmt":"2014-09-29T16:01:06","guid":{"rendered":"https:\/\/dailynewshungary.com\/it\/lazar-balog-incontrano-i-leader-della-chiesa-locale-nellungheria-meridionale\/"},"modified":"2014-09-29T18:01:06","modified_gmt":"2014-09-29T16:01:06","slug":"lazar-balog-incontrano-i-leader-della-chiesa-locale-nellungheria-meridionale","status":"publish","type":"post","link":"https:\/\/dailynewshungary.com\/it\/lazar-balog-incontrano-i-leader-della-chiesa-locale-nellungheria-meridionale\/","title":{"rendered":"Lazar, Balog incontrano i leader della chiesa locale nell\u2019Ungheria meridionale"},"content":{"rendered":"<p><strong>(MTI) Il capo di gabinetto Janos Lazar e Zoltan Balog, ministro delle risorse umane, hanno incontrato domenica i leader locali delle pi\u00f9 grandi chiese di Mako, nel sud dell&#8217;Ungheria.<\/strong><\/p>\n<p>I colloqui si sono concentrati sul ruolo delle chiese nella societ\u00e0 e sul loro contributo alla costruzione delle comunit\u00e0.<\/p>\n<p>Lazar, che \u00e8 anche il rappresentante parlamentare della zona, ha sottolineato le differenze nello sviluppo dei villaggi e delle citt\u00e0 della regione, affermando che mentre citt\u00e0 come Hodmezovasarhely o Mako sono state in grado di sfruttare le opportunit\u00e0 di sviluppo a proprio vantaggio, le persone in piccoli villaggi e citt\u00e0 affrontano problemi di disoccupazione e servizi sociali insufficienti, nonch\u00e9 comunit\u00e0 che invecchiano e si restringono.<\/p>\n<p>Balog ha espresso la speranza che la cooperazione tra istituzioni statali e religiose si sviluppi finalmente sulla base di una visione futura coerente\u201d. Ad esempio, ha citato gli sviluppi scolastici da attuare laddove necessari e una decisione presa indipendentemente dal fatto che si tratti di una scuola statale o gestita da una chiesa\u201d.<\/p>\n<p>Balog ha parlato molto bene del ruolo della chiesa nei piccoli villaggi, aggiungendo che in molte comunit\u00e0 era l&#8217;ultima punta della civilt\u00e0\u201d.<\/p>\n<p><em>Foto: MTI \u2013 Gergely Zoltan<\/em><\/p>\n","protected":false},"excerpt":{"rendered":"<p>(MTI) Il capo di gabinetto Janos Lazar e Zoltan Balog, ministro delle risorse umane, hanno incontrato domenica i leader locali delle pi\u00f9 grandi chiese di Mako, nel sud dell&#8217;Ungheria. I colloqui si sono concentrati sul ruolo delle chiese nella societ\u00e0 e sul loro contributo alla costruzione delle comunit\u00e0. Lazar, che \u00e8 anche il rappresentante parlamentare [&hellip;]<\/p>\n","protected":false},"author":2,"featured_media":736136,"comment_status":"open","ping_status":"open","sticky":false,"template":"","format":"standard","meta":{"_display_image":"","footnotes":""},"categories":[1185],"tags":[2215],"class_list":["post-736135","post","type-post","status-publish","format-standard","has-post-thumbnail","hentry","category-politica-in-ungheria","tag-elezione-locale"],"blocksy_meta":[],"author_username":"alk","telegram_post":"","public_post_metadata":{"breaking_news":"","important":"","csempe":"","center_tile":"","disable_thumbnail":"","target_lang":"","_featured_image_style":"","telegram_post":"","_xlat_group_id":""},"public_rank_math_data":{"title":"%titolo% %sep% %nomesito%","description":"","focus_keyword":"","canonical_url":"","robots":"","primary_category":"1185","breadcrumb_title":"","facebook_title":"","facebook_description":"","facebook_image":"","facebook_image_id":"","twitter_title":"","twitter_description":"","twitter_image":"","twitter_image_id":"","twitter_card_type":"","twitter_use_facebook":"","advanced_robots":"","pillar_content":"","seo_score":"","contentai_score":"","rich_snippet":""},"_links":{"self":[{"href":"https:\/\/dailynewshungary.com\/it\/wp-json\/wp\/v2\/posts\/736135","targetHints":{"allow":["GET"]}}],"collection":[{"href":"https:\/\/dailynewshungary.com\/it\/wp-json\/wp\/v2\/posts"}],"about":[{"href":"https:\/\/dailynewshungary.com\/it\/wp-json\/wp\/v2\/types\/post"}],"author":[{"embeddable":true,"href":"https:\/\/dailynewshungary.com\/it\/wp-json\/wp\/v2\/users\/2"}],"replies":[{"embeddable":true,"href":"https:\/\/dailynewshungary.com\/it\/wp-json\/wp\/v2\/comments?post=736135"}],"version-history":[{"count":0,"href":"https:\/\/dailynewshungary.com\/it\/wp-json\/wp\/v2\/posts\/736135\/revisions"}],"wp:featuredmedia":[{"embeddable":true,"href":"https:\/\/dailynewshungary.com\/it\/wp-json\/wp\/v2\/media\/736136"}],"wp:attachment":[{"href":"https:\/\/dailynewshungary.com\/it\/wp-json\/wp\/v2\/media?parent=736135"}],"wp:term":[{"taxonomy":"category","embeddable":true,"href":"https:\/\/dailynewshungary.com\/it\/wp-json\/wp\/v2\/categories?post=736135"},{"taxonomy":"post_tag","embeddable":true,"href":"https:\/\/dailynewshungary.com\/it\/wp-json\/wp\/v2\/tags?post=736135"}],"curies":[{"name":"wp","href":"https:\/\/api.w.org\/{rel}","templated":true}]}}