{"id":736232,"date":"2014-09-22T08:45:59","date_gmt":"2014-09-22T06:45:59","guid":{"rendered":"https:\/\/dailynewshungary.com\/it\/raiffeisen-ritiro-dallungheria-non-allordine-del-giorno\/"},"modified":"2014-09-22T08:45:59","modified_gmt":"2014-09-22T06:45:59","slug":"raiffeisen-ritiro-dallungheria-non-allordine-del-giorno","status":"publish","type":"post","link":"https:\/\/dailynewshungary.com\/it\/raiffeisen-ritiro-dallungheria-non-allordine-del-giorno\/","title":{"rendered":"Raiffeisen Ritiro dall\u2019Ungheria non all\u2019ordine del giorno"},"content":{"rendered":"<p><strong>Budapest, 2 settembre (MTI) 2 La vendita dell&#8217;unit\u00e0 ungherese di Raiffeisen Bank non \u00e8 all&#8217;ordine del giorno della societ\u00e0 madre, ha detto a Napi Gazdasag di luned\u00ec Heinz Wiedner, amministratore delegato di Raiffeisen Bank Zrt.<\/strong><\/p>\n<p>Nella prima met\u00e0 di quest&#8217;anno, ogni segmento di attivit\u00e0 della banca \u00e8 stato redditizio, anche se la banca \u00e8 stata costretta a registrare una grave perdita sulla scia delle misure governative per compensare i clienti con prestiti in valuta estera.<\/p>\n<p>\u201cIl nostro obiettivo principale continua ad essere quello di mettere le nostre operazioni su un percorso redditizio ancora una volta,\u201d ha detto, aggiungendo che questo potrebbe essere possibile nel 2016 \u201cse tutto rimane lo stesso come \u00e8 ora\u201d.<\/p>\n<p>Wiedner ha detto che non c&#8217;era molto spazio per l&#8217;ottimismo per quanto riguarda le cause legali sul forex, sulla base delle sentenze preliminari Ha aggiunto che la sua banca \u00e8 fermamente convinta che abbia prestato in valuta estera in linea con le leggi pertinenti dell&#8217;epoca.<\/p>\n<p>\u201cEsamineremo le modalit\u00e0 di ricorso a nostra disposizione, e questo include forum internazionali, ha detto.<\/p>\n<p>Gli investitori sono in Ungheria, ha detto, aggiungendo che questo non avviene senza fiducia Il settore finanziario ha un ruolo importante in questa banca (O.N.D.) un motivo necessario anche per ridurre l&#8217;imposta, ha aggiunto l&#8217;amministratore delegato.<\/p>\n<p><em>Foto: parametro.sk<\/em><\/p>\n","protected":false},"excerpt":{"rendered":"<p>Budapest, 2 settembre (MTI) 2 La vendita dell&#8217;unit\u00e0 ungherese di Raiffeisen Bank non \u00e8 all&#8217;ordine del giorno della societ\u00e0 madre, ha detto a Napi Gazdasag di luned\u00ec Heinz Wiedner, amministratore delegato di Raiffeisen Bank Zrt. Nella prima met\u00e0 di quest&#8217;anno, ogni segmento di attivit\u00e0 della banca \u00e8 stato redditizio, anche se la banca \u00e8 stata [&hellip;]<\/p>\n","protected":false},"author":2,"featured_media":736233,"comment_status":"open","ping_status":"open","sticky":false,"template":"","format":"standard","meta":{"_display_image":"","footnotes":""},"categories":[1314],"tags":[1066],"class_list":["post-736232","post","type-post","status-publish","format-standard","has-post-thumbnail","hentry","category-economia-in-ungheria","tag-hungary"],"blocksy_meta":[],"author_username":"alk","telegram_post":"","public_post_metadata":{"breaking_news":"","important":"","csempe":"","center_tile":"","disable_thumbnail":"","target_lang":"","_featured_image_style":"","telegram_post":"","_xlat_group_id":""},"public_rank_math_data":{"title":"%titolo% %sep% %nomesito%","description":"","focus_keyword":"","canonical_url":"","robots":"","primary_category":"1314","breadcrumb_title":"","facebook_title":"","facebook_description":"","facebook_image":"","facebook_image_id":"","twitter_title":"","twitter_description":"","twitter_image":"","twitter_image_id":"","twitter_card_type":"","twitter_use_facebook":"","advanced_robots":"","pillar_content":"","seo_score":"","contentai_score":"","rich_snippet":""},"_links":{"self":[{"href":"https:\/\/dailynewshungary.com\/it\/wp-json\/wp\/v2\/posts\/736232","targetHints":{"allow":["GET"]}}],"collection":[{"href":"https:\/\/dailynewshungary.com\/it\/wp-json\/wp\/v2\/posts"}],"about":[{"href":"https:\/\/dailynewshungary.com\/it\/wp-json\/wp\/v2\/types\/post"}],"author":[{"embeddable":true,"href":"https:\/\/dailynewshungary.com\/it\/wp-json\/wp\/v2\/users\/2"}],"replies":[{"embeddable":true,"href":"https:\/\/dailynewshungary.com\/it\/wp-json\/wp\/v2\/comments?post=736232"}],"version-history":[{"count":0,"href":"https:\/\/dailynewshungary.com\/it\/wp-json\/wp\/v2\/posts\/736232\/revisions"}],"wp:featuredmedia":[{"embeddable":true,"href":"https:\/\/dailynewshungary.com\/it\/wp-json\/wp\/v2\/media\/736233"}],"wp:attachment":[{"href":"https:\/\/dailynewshungary.com\/it\/wp-json\/wp\/v2\/media?parent=736232"}],"wp:term":[{"taxonomy":"category","embeddable":true,"href":"https:\/\/dailynewshungary.com\/it\/wp-json\/wp\/v2\/categories?post=736232"},{"taxonomy":"post_tag","embeddable":true,"href":"https:\/\/dailynewshungary.com\/it\/wp-json\/wp\/v2\/tags?post=736232"}],"curies":[{"name":"wp","href":"https:\/\/api.w.org\/{rel}","templated":true}]}}