{"id":736278,"date":"2014-09-17T19:29:28","date_gmt":"2014-09-17T17:29:28","guid":{"rendered":"https:\/\/dailynewshungary.com\/it\/lambasciatore-britannico-chiede-di-rafforzare-i-legami-economici-ungheria-regno-unito\/"},"modified":"2014-09-17T19:29:28","modified_gmt":"2014-09-17T17:29:28","slug":"lambasciatore-britannico-chiede-di-rafforzare-i-legami-economici-ungheria-regno-unito","status":"publish","type":"post","link":"https:\/\/dailynewshungary.com\/it\/lambasciatore-britannico-chiede-di-rafforzare-i-legami-economici-ungheria-regno-unito\/","title":{"rendered":"L\u2019ambasciatore britannico chiede di rafforzare i legami economici Ungheria-Regno Unito"},"content":{"rendered":"<p><strong>Budapest, 7 settembre (MTI) 1 Ogni opportunit\u00e0 deve essere colta per rafforzare una cooperazione efficace tra gli attori economici ungheresi e britannici, ha detto oggi l&#8217;ambasciatore britannico nella citt\u00e0 di Pecs.<\/strong><\/p>\n<p>Jonathan Knott ha notato di aver iniziato il suo tour nazionale nella citt\u00e0 dell&#8217;Ungheria meridionale, durante il quale incontrer\u00e0 uomini d&#8217;affari locali e leader comunali, con l&#8217;obiettivo di rafforzare i legami economici tra i due paesi.<\/p>\n<p>Ha avuto colloqui con Zsolt Pava, sindaco al potere di Pecs a Fidesz, e con i leader della Camera di commercio e industria Pecs-Baranya.<\/p>\n<p>Knott ha affermato che gli investimenti dovrebbero essere potenziati da entrambe le parti. Ha menzionato la produzione automobilistica, i servizi energetici, la vendita al dettaglio e i servizi finanziari come aree in cui i legami potrebbero essere approfonditi in futuro.<\/p>\n","protected":false},"excerpt":{"rendered":"<p>Budapest, 7 settembre (MTI) 1 Ogni opportunit\u00e0 deve essere colta per rafforzare una cooperazione efficace tra gli attori economici ungheresi e britannici, ha detto oggi l&#8217;ambasciatore britannico nella citt\u00e0 di Pecs. Jonathan Knott ha notato di aver iniziato il suo tour nazionale nella citt\u00e0 dell&#8217;Ungheria meridionale, durante il quale incontrer\u00e0 uomini d&#8217;affari locali e leader [&hellip;]<\/p>\n","protected":false},"author":2,"featured_media":736279,"comment_status":"open","ping_status":"open","sticky":false,"template":"","format":"standard","meta":{"_display_image":"","footnotes":""},"categories":[1314],"tags":[1066],"class_list":["post-736278","post","type-post","status-publish","format-standard","has-post-thumbnail","hentry","category-economia-in-ungheria","tag-hungary"],"blocksy_meta":[],"author_username":"alk","telegram_post":"","public_post_metadata":{"breaking_news":"","important":"","csempe":"","center_tile":"","disable_thumbnail":"","target_lang":"","_featured_image_style":"","telegram_post":"","_xlat_group_id":""},"public_rank_math_data":{"title":"%titolo% %sep% %nomesito%","description":"","focus_keyword":"","canonical_url":"","robots":"","primary_category":"1314","breadcrumb_title":"","facebook_title":"","facebook_description":"","facebook_image":"","facebook_image_id":"","twitter_title":"","twitter_description":"","twitter_image":"","twitter_image_id":"","twitter_card_type":"","twitter_use_facebook":"","advanced_robots":"","pillar_content":"","seo_score":"","contentai_score":"","rich_snippet":""},"_links":{"self":[{"href":"https:\/\/dailynewshungary.com\/it\/wp-json\/wp\/v2\/posts\/736278","targetHints":{"allow":["GET"]}}],"collection":[{"href":"https:\/\/dailynewshungary.com\/it\/wp-json\/wp\/v2\/posts"}],"about":[{"href":"https:\/\/dailynewshungary.com\/it\/wp-json\/wp\/v2\/types\/post"}],"author":[{"embeddable":true,"href":"https:\/\/dailynewshungary.com\/it\/wp-json\/wp\/v2\/users\/2"}],"replies":[{"embeddable":true,"href":"https:\/\/dailynewshungary.com\/it\/wp-json\/wp\/v2\/comments?post=736278"}],"version-history":[{"count":0,"href":"https:\/\/dailynewshungary.com\/it\/wp-json\/wp\/v2\/posts\/736278\/revisions"}],"wp:featuredmedia":[{"embeddable":true,"href":"https:\/\/dailynewshungary.com\/it\/wp-json\/wp\/v2\/media\/736279"}],"wp:attachment":[{"href":"https:\/\/dailynewshungary.com\/it\/wp-json\/wp\/v2\/media?parent=736278"}],"wp:term":[{"taxonomy":"category","embeddable":true,"href":"https:\/\/dailynewshungary.com\/it\/wp-json\/wp\/v2\/categories?post=736278"},{"taxonomy":"post_tag","embeddable":true,"href":"https:\/\/dailynewshungary.com\/it\/wp-json\/wp\/v2\/tags?post=736278"}],"curies":[{"name":"wp","href":"https:\/\/api.w.org\/{rel}","templated":true}]}}