{"id":736298,"date":"2014-09-16T14:01:45","date_gmt":"2014-09-16T12:01:45","guid":{"rendered":"https:\/\/dailynewshungary.com\/it\/statua-di-marx-portata-via-dallingresso-delluniversita-corvinus\/"},"modified":"2014-09-16T14:01:45","modified_gmt":"2014-09-16T12:01:45","slug":"statua-di-marx-portata-via-dallingresso-delluniversita-corvinus","status":"publish","type":"post","link":"https:\/\/dailynewshungary.com\/it\/statua-di-marx-portata-via-dallingresso-delluniversita-corvinus\/","title":{"rendered":"Statua di Marx portata via dall\u2019ingresso dell\u2019Universit\u00e0 Corvinus"},"content":{"rendered":"<p><strong>(MTI) (MTI) La statua di Karl Marx \u00e8 stata rimossa dall&#8217;atrio dell&#8217;universit\u00e0 che un tempo portava il suo nome.<\/strong><\/p>\n<p>L&#8217;universit\u00e0 specializzata in economia si trasform\u00f2 nell&#8217;Universit\u00e0 di Economia di Budapest dopo che l&#8217;Ungheria abbandon\u00f2 il socialismo di stato. Ha ricevuto il nome attuale (Corviniana era una famosa biblioteca rinascimentale fondata dal re Mattia Corvino) nel 2004.<\/p>\n<p>Luned\u00ec l&#8217;istituzione ha detto a MTI che avrebbe tenuto un briefing pi\u00f9 tardi su dove era stata portata la statua di Marx. In precedenza l&#8217;universit\u00e0 aveva detto che la statua non sarebbe stata rimossa dal campus.<\/p>\n<p>\u201cNon \u00e8 stata esercitata alcuna pressione politica o esterna&#8230;\u201d, si legge in una nota.<\/p>\n<p>All&#8217;inizio di quest&#8217;anno, i cristiano-democratici co-governati hanno chiesto la rimozione della statua, affermando che era inaccettabile che nell&#8217;Ungheria di oggi ci fosse un monumento a un ideologo apertamente \u201cantisemita e razzista.<\/p>\n<p>L&#8217;ala giovanile del partito (IKSZ) ha detto a MTI che la rimozione della statua oggi rappresenta la chiusura simbolica del periodo post-comunista.<\/p>\n<p><em>Foto: www.flagmagazin.hu<\/em><\/p>\n","protected":false},"excerpt":{"rendered":"<p>(MTI) (MTI) La statua di Karl Marx \u00e8 stata rimossa dall&#8217;atrio dell&#8217;universit\u00e0 che un tempo portava il suo nome. L&#8217;universit\u00e0 specializzata in economia si trasform\u00f2 nell&#8217;Universit\u00e0 di Economia di Budapest dopo che l&#8217;Ungheria abbandon\u00f2 il socialismo di stato. Ha ricevuto il nome attuale (Corviniana era una famosa biblioteca rinascimentale fondata dal re Mattia Corvino) nel [&hellip;]<\/p>\n","protected":false},"author":2,"featured_media":736299,"comment_status":"open","ping_status":"open","sticky":false,"template":"","format":"standard","meta":{"_display_image":"","footnotes":""},"categories":[1304],"tags":[1223],"class_list":["post-736298","post","type-post","status-publish","format-standard","has-post-thumbnail","hentry","category-cultura-in-ungheria","tag-storia"],"blocksy_meta":[],"author_username":"alk","telegram_post":"","public_post_metadata":{"breaking_news":"","important":"","csempe":"","center_tile":"","disable_thumbnail":"","target_lang":"","_featured_image_style":"","telegram_post":"","_xlat_group_id":""},"public_rank_math_data":{"title":"%titolo% %sep% %nomesito%","description":"","focus_keyword":"","canonical_url":"","robots":"","primary_category":"1304","breadcrumb_title":"","facebook_title":"","facebook_description":"","facebook_image":"","facebook_image_id":"","twitter_title":"","twitter_description":"","twitter_image":"","twitter_image_id":"","twitter_card_type":"","twitter_use_facebook":"","advanced_robots":"","pillar_content":"","seo_score":"","contentai_score":"","rich_snippet":""},"_links":{"self":[{"href":"https:\/\/dailynewshungary.com\/it\/wp-json\/wp\/v2\/posts\/736298","targetHints":{"allow":["GET"]}}],"collection":[{"href":"https:\/\/dailynewshungary.com\/it\/wp-json\/wp\/v2\/posts"}],"about":[{"href":"https:\/\/dailynewshungary.com\/it\/wp-json\/wp\/v2\/types\/post"}],"author":[{"embeddable":true,"href":"https:\/\/dailynewshungary.com\/it\/wp-json\/wp\/v2\/users\/2"}],"replies":[{"embeddable":true,"href":"https:\/\/dailynewshungary.com\/it\/wp-json\/wp\/v2\/comments?post=736298"}],"version-history":[{"count":0,"href":"https:\/\/dailynewshungary.com\/it\/wp-json\/wp\/v2\/posts\/736298\/revisions"}],"wp:featuredmedia":[{"embeddable":true,"href":"https:\/\/dailynewshungary.com\/it\/wp-json\/wp\/v2\/media\/736299"}],"wp:attachment":[{"href":"https:\/\/dailynewshungary.com\/it\/wp-json\/wp\/v2\/media?parent=736298"}],"wp:term":[{"taxonomy":"category","embeddable":true,"href":"https:\/\/dailynewshungary.com\/it\/wp-json\/wp\/v2\/categories?post=736298"},{"taxonomy":"post_tag","embeddable":true,"href":"https:\/\/dailynewshungary.com\/it\/wp-json\/wp\/v2\/tags?post=736298"}],"curies":[{"name":"wp","href":"https:\/\/api.w.org\/{rel}","templated":true}]}}