{"id":736302,"date":"2014-09-16T10:06:16","date_gmt":"2014-09-16T08:06:16","guid":{"rendered":"https:\/\/dailynewshungary.com\/it\/la-natl-trading-house-ungherese-aprira-lunita-a-rio\/"},"modified":"2014-09-16T10:06:16","modified_gmt":"2014-09-16T08:06:16","slug":"la-natl-trading-house-ungherese-aprira-lunita-a-rio","status":"publish","type":"post","link":"https:\/\/dailynewshungary.com\/it\/la-natl-trading-house-ungherese-aprira-lunita-a-rio\/","title":{"rendered":"La Natl Trading House ungherese aprir\u00e0 l\u2019unit\u00e0 a Rio"},"content":{"rendered":"<p><strong>Budapest, 6 settembre (MTI) 1 La National Trading House ungherese apre il suo primo ufficio nelle Americhe, ha detto oggi il quotidiano economico Napi Gazdasag.<\/strong><\/p>\n<p>Rio de Janeiro sar\u00e0 aperta tra pochi giorni e una in Messico sar\u00e0 operativa entro la fine dell&#8217;anno, ha detto al giornale l&#8217;amministratore delegato della societ\u00e0 che gestisce le case commerciali, Gyorgy Kerekes. Seguir\u00e0 il Cile.<\/p>\n<p>L&#8217;idea \u00e8 quella di aiutare le aziende ungheresi a stabilirsi sui mercati esteri.<\/p>\n<p>Kerekes ha affermato che, dopo aver preso di mira i paesi in via di sviluppo, la societ\u00e0 si concentrer\u00e0 su Stati Uniti, Canada, Giappone e Corea.<\/p>\n<p><em>Foto:&nbsp;<a href=\"http:\/\/player.hu\/eletmod\/sport\/tippmixpro-brazil-hullam-brazil-alomut-ajanlo\/\" data-ved=\"0CAYQjB0\" target=\"_blank\" rel=\"noopener\">giocatore.hu<\/a><\/em><\/p>\n","protected":false},"excerpt":{"rendered":"<p>Budapest, 6 settembre (MTI) 1 La National Trading House ungherese apre il suo primo ufficio nelle Americhe, ha detto oggi il quotidiano economico Napi Gazdasag. Rio de Janeiro sar\u00e0 aperta tra pochi giorni e una in Messico sar\u00e0 operativa entro la fine dell&#8217;anno, ha detto al giornale l&#8217;amministratore delegato della societ\u00e0 che gestisce le case [&hellip;]<\/p>\n","protected":false},"author":2,"featured_media":736303,"comment_status":"open","ping_status":"open","sticky":false,"template":"","format":"standard","meta":{"_display_image":"","footnotes":""},"categories":[1314],"tags":[1066],"class_list":["post-736302","post","type-post","status-publish","format-standard","has-post-thumbnail","hentry","category-economia-in-ungheria","tag-hungary"],"blocksy_meta":[],"author_username":"alk","telegram_post":"","public_post_metadata":{"breaking_news":"","important":"","csempe":"","center_tile":"","disable_thumbnail":"","target_lang":"","_featured_image_style":"","telegram_post":"","_xlat_group_id":""},"public_rank_math_data":{"title":"%titolo% %sep% %nomesito%","description":"","focus_keyword":"","canonical_url":"","robots":"","primary_category":"1314","breadcrumb_title":"","facebook_title":"","facebook_description":"","facebook_image":"","facebook_image_id":"","twitter_title":"","twitter_description":"","twitter_image":"","twitter_image_id":"","twitter_card_type":"","twitter_use_facebook":"","advanced_robots":"","pillar_content":"","seo_score":"","contentai_score":"","rich_snippet":""},"_links":{"self":[{"href":"https:\/\/dailynewshungary.com\/it\/wp-json\/wp\/v2\/posts\/736302","targetHints":{"allow":["GET"]}}],"collection":[{"href":"https:\/\/dailynewshungary.com\/it\/wp-json\/wp\/v2\/posts"}],"about":[{"href":"https:\/\/dailynewshungary.com\/it\/wp-json\/wp\/v2\/types\/post"}],"author":[{"embeddable":true,"href":"https:\/\/dailynewshungary.com\/it\/wp-json\/wp\/v2\/users\/2"}],"replies":[{"embeddable":true,"href":"https:\/\/dailynewshungary.com\/it\/wp-json\/wp\/v2\/comments?post=736302"}],"version-history":[{"count":0,"href":"https:\/\/dailynewshungary.com\/it\/wp-json\/wp\/v2\/posts\/736302\/revisions"}],"wp:featuredmedia":[{"embeddable":true,"href":"https:\/\/dailynewshungary.com\/it\/wp-json\/wp\/v2\/media\/736303"}],"wp:attachment":[{"href":"https:\/\/dailynewshungary.com\/it\/wp-json\/wp\/v2\/media?parent=736302"}],"wp:term":[{"taxonomy":"category","embeddable":true,"href":"https:\/\/dailynewshungary.com\/it\/wp-json\/wp\/v2\/categories?post=736302"},{"taxonomy":"post_tag","embeddable":true,"href":"https:\/\/dailynewshungary.com\/it\/wp-json\/wp\/v2\/tags?post=736302"}],"curies":[{"name":"wp","href":"https:\/\/api.w.org\/{rel}","templated":true}]}}