{"id":736379,"date":"2014-09-09T15:46:48","date_gmt":"2014-09-09T13:46:48","guid":{"rendered":"https:\/\/dailynewshungary.com\/it\/gli-accademici-esprimono-rammarico-per-la-chiusura-dellambasciata-ungherese-a-tallinn\/"},"modified":"2014-09-09T15:46:48","modified_gmt":"2014-09-09T13:46:48","slug":"gli-accademici-esprimono-rammarico-per-la-chiusura-dellambasciata-ungherese-a-tallinn","status":"publish","type":"post","link":"https:\/\/dailynewshungary.com\/it\/gli-accademici-esprimono-rammarico-per-la-chiusura-dellambasciata-ungherese-a-tallinn\/","title":{"rendered":"Gli accademici esprimono rammarico per la chiusura dell\u2019ambasciata ungherese a Tallinn"},"content":{"rendered":"<p><strong>Budapest, 8 settembre (MTI) Gli accademici e le organizzazioni culturali in Ungheria e nei paesi vicini hanno espresso rammarico per l&#8217;imminente chiusura dell&#8217;ambasciata ungherese a Tallinn.<\/strong><\/p>\n<p>Anche la prevista chiusura dell&#8217;ambasciata estone a Budapest come mossa di risposta \u00e8 deplorevole, hanno affermato luned\u00ec le organizzazioni in una nota.<\/p>\n<p>Il ministro degli Esteri ungherese Tibor Navracsics ha annunciato il 17 luglio che l&#8217;Ungheria avrebbe chiuso la sua ambasciata a Tallinn al fine di utilizzare il denaro dei contribuenti nel modo pi\u00f9 razionale, ha detto che l&#8217;ambasciata sar\u00e0 fusa con l&#8217;ambasciata ungherese a Helsinki Tallinn ha un istituto ungherese dove possono essere svolti anche compiti di diplomazia culturale, ha aggiunto.<\/p>\n<p>I gruppi civili rappresentati in una dichiarazione della facolt\u00e0 ugro-finnica dell&#8217;Universit\u00e0 ELTE di Budapest si sono detti scioccati nell&#8217;apprendere della decisione del governo ungherese e della risposta dell&#8217;Estonia. Hanno affermato di considerare la \u201callontanamento dell&#8217;Ungheria dall&#8217;Estonia come un insulto al paese, e la decisione dell&#8217;Ungheria \u201cill-considerate\u201d, secondo la dichiarazione inviata a MTI.<\/p>\n<p>Hanno preso atto del precedente impegno del governo ungherese di rafforzare la cooperazione linguistica e culturale ungherese-estone, affermando che tale sviluppo positivo pu\u00f2 solo lenire ma non porre rimedio alle conseguenze della chiusura delle ambasciate.<\/p>\n<p>I firmatari hanno espresso la speranza che la decisione sia solo temporanea e che le ambasciate possano riaprire entro un termine ragionevole.<\/p>\n<p>La dichiarazione \u00e8 stata firmata dalle facolt\u00e0 ugro-finniche delle universit\u00e0 ELTE di Budapest, Debrecen e Szeged, dalle universit\u00e0 di Bratislava e Nitra, dalla Societ\u00e0 ungherese-estone, da accademici, circoli letterari, nonch\u00e9 dall&#8217;ex ambasciatore dell&#8217;Ungheria a Tallinn Bela Javorszky, tra gli altri.<\/p>\n","protected":false},"excerpt":{"rendered":"<p>Budapest, 8 settembre (MTI) Gli accademici e le organizzazioni culturali in Ungheria e nei paesi vicini hanno espresso rammarico per l&#8217;imminente chiusura dell&#8217;ambasciata ungherese a Tallinn. Anche la prevista chiusura dell&#8217;ambasciata estone a Budapest come mossa di risposta \u00e8 deplorevole, hanno affermato luned\u00ec le organizzazioni in una nota. Il ministro degli Esteri ungherese Tibor Navracsics [&hellip;]<\/p>\n","protected":false},"author":2,"featured_media":736380,"comment_status":"open","ping_status":"open","sticky":false,"template":"","format":"standard","meta":{"_display_image":"","footnotes":""},"categories":[1185],"tags":[1835],"class_list":["post-736379","post","type-post","status-publish","format-standard","has-post-thumbnail","hentry","category-politica-in-ungheria","tag-educazione"],"blocksy_meta":[],"author_username":"alk","telegram_post":"","public_post_metadata":{"breaking_news":"","important":"","csempe":"","center_tile":"","disable_thumbnail":"","target_lang":"","_featured_image_style":"","telegram_post":"","_xlat_group_id":""},"public_rank_math_data":{"title":"%titolo% %sep% %nomesito%","description":"","focus_keyword":"","canonical_url":"","robots":"","primary_category":"1185","breadcrumb_title":"","facebook_title":"","facebook_description":"","facebook_image":"","facebook_image_id":"","twitter_title":"","twitter_description":"","twitter_image":"","twitter_image_id":"","twitter_card_type":"","twitter_use_facebook":"","advanced_robots":"","pillar_content":"","seo_score":"","contentai_score":"","rich_snippet":""},"_links":{"self":[{"href":"https:\/\/dailynewshungary.com\/it\/wp-json\/wp\/v2\/posts\/736379","targetHints":{"allow":["GET"]}}],"collection":[{"href":"https:\/\/dailynewshungary.com\/it\/wp-json\/wp\/v2\/posts"}],"about":[{"href":"https:\/\/dailynewshungary.com\/it\/wp-json\/wp\/v2\/types\/post"}],"author":[{"embeddable":true,"href":"https:\/\/dailynewshungary.com\/it\/wp-json\/wp\/v2\/users\/2"}],"replies":[{"embeddable":true,"href":"https:\/\/dailynewshungary.com\/it\/wp-json\/wp\/v2\/comments?post=736379"}],"version-history":[{"count":0,"href":"https:\/\/dailynewshungary.com\/it\/wp-json\/wp\/v2\/posts\/736379\/revisions"}],"wp:featuredmedia":[{"embeddable":true,"href":"https:\/\/dailynewshungary.com\/it\/wp-json\/wp\/v2\/media\/736380"}],"wp:attachment":[{"href":"https:\/\/dailynewshungary.com\/it\/wp-json\/wp\/v2\/media?parent=736379"}],"wp:term":[{"taxonomy":"category","embeddable":true,"href":"https:\/\/dailynewshungary.com\/it\/wp-json\/wp\/v2\/categories?post=736379"},{"taxonomy":"post_tag","embeddable":true,"href":"https:\/\/dailynewshungary.com\/it\/wp-json\/wp\/v2\/tags?post=736379"}],"curies":[{"name":"wp","href":"https:\/\/api.w.org\/{rel}","templated":true}]}}