{"id":736391,"date":"2014-09-08T19:48:13","date_gmt":"2014-09-08T17:48:13","guid":{"rendered":"https:\/\/dailynewshungary.com\/it\/luniversita-del-servizio-pubblico-si-trova-ad-affrontare-gli-sviluppi-afferma-il-rettore-delluniversita-nazionale-del-servizio-pubblico-dellungheria\/"},"modified":"2014-09-08T19:48:13","modified_gmt":"2014-09-08T17:48:13","slug":"luniversita-del-servizio-pubblico-si-trova-ad-affrontare-gli-sviluppi-afferma-il-rettore-delluniversita-nazionale-del-servizio-pubblico-dellungheria","status":"publish","type":"post","link":"https:\/\/dailynewshungary.com\/it\/luniversita-del-servizio-pubblico-si-trova-ad-affrontare-gli-sviluppi-afferma-il-rettore-delluniversita-nazionale-del-servizio-pubblico-dellungheria\/","title":{"rendered":"L\u2019Universit\u00e0 del Servizio Pubblico si trova ad affrontare gli sviluppi, afferma il rettore dell\u2019Universit\u00e0 Nazionale del Servizio Pubblico dell\u2019Ungheria"},"content":{"rendered":"<p><strong><span style=\"line-height: 1.5em;\">Budapest, 8 settembre (MTI) L&#8217;Universit\u00e0 Nazionale del Servizio Pubblico dell&#8217;Ungheria (NKE) offrir\u00e0 i suoi corsi a studenti internazionali in una facolt\u00e0 separata a partire dal prossimo anno, ha detto luned\u00ec il rettore dell&#8217;universit\u00e0 a MTI in un&#8217;intervista, delineando gli sviluppi pianificati presso l&#8217;Universit\u00e0. universit\u00e0.<\/span><\/strong><\/p>\n<p>Il trasferimento della pubblica amministrazione e delle facolt\u00e0 delle forze dell&#8217;ordine nel nuovo campus Ludovika nell&#8217;ottavo distretto di Budapest sar\u00e0 completato entro la fine del 2015, ha affermato Andras Patyi.<\/p>\n<p>L&#8217;universit\u00e0 dal suo lancio nel gennaio 2012 ha subito grandi cambiamenti, incluso il lancio della Scuola di Dottorato in Scienze della Pubblica Amministrazione come terzo programma di dottorato presso l&#8217;istituzione. L&#8217;Istituto di Studi Internazionali, che comprende un programma in sicurezza e difesa, sta affrontando cambiamenti prima di essere riaperto come facolt\u00e0 a s\u00e9 stante che incorpora tutti gli studi internazionali l&#8217;anno prossimo, ha detto Patyi.<\/p>\n<p><a href=\"https:\/\/dailynewshungary.com\/wp-content\/uploads\/2014\/09\/ludovika.jpg\" data-pswp-width=\"\" data-pswp-height=\"\" data-cropped=\"true\"><img loading=\"lazy\" decoding=\"async\" class=\"size-full wp-image-10412 aligncenter\" alt=\"ludovika\" src=\"https:\/\/dailynewshungary.com\/wp-content\/uploads\/2014\/09\/ludovika.jpg\" width=\"600\" height=\"399\" srcset=\"https:\/\/contentf5.dailynewshungary.com\/wp-content\/uploads\/2014\/09\/ludovika.jpg 600w, https:\/\/contentf5.dailynewshungary.com\/wp-content\/uploads\/2014\/09\/ludovika-300x200.jpg 300w\" sizes=\"auto, (max-width: 600px) 100vw, 600px\"><\/a><\/p>\n<p>I progetti di aggiornamento presso il Campus Ludovika includono la costruzione di un residence studentesco di 600 stanze, un nuovo edificio educativo e un centro sportivo che avr\u00e0 una piscina, un campo di tiro e strutture sportive esterne Il parco all&#8217;esterno dell&#8217;edificio principale Ludovika sar\u00e0 ristrutturato per includere anche un maneggio, ha detto.<\/p>\n<p>L&#8217;anno accademico 2014-15 aprir\u00e0 luned\u00ec all&#8217;NKE con 7.000 studenti iscritti, di cui 2.200 al primo anno di studi, ha detto Patyi.<\/p>\n<p>Alla fine del 2012, l&#8217;universit\u00e0 ha assunto il compito di riorganizzare e gestire il sistema di formazione continua e riqualificazione dei servizi pubblici. Di conseguenza, quest&#8217;anno l&#8217;universit\u00e0 offre sessioni di formazione e corsi di varia durata a circa 74.000 funzionari governativi e dipendenti pubblici, ha detto Patyi.<\/p>\n<p>I nuovi sviluppi di quest&#8217;anno accademico includeranno il lancio della formazione sui media e sulle comunicazioni del servizio pubblico preparata con la collaborazione dei gestori dei media del servizio pubblico, ha affermato.<\/p>\n<p><em>Foto: MTI \u2013 Attila Kovac<\/em><\/p>\n","protected":false},"excerpt":{"rendered":"<p>Budapest, 8 settembre (MTI) L&#8217;Universit\u00e0 Nazionale del Servizio Pubblico dell&#8217;Ungheria (NKE) offrir\u00e0 i suoi corsi a studenti internazionali in una facolt\u00e0 separata a partire dal prossimo anno, ha detto luned\u00ec il rettore dell&#8217;universit\u00e0 a MTI in un&#8217;intervista, delineando gli sviluppi pianificati presso l&#8217;Universit\u00e0. universit\u00e0. Il trasferimento della pubblica amministrazione e delle facolt\u00e0 delle forze dell&#8217;ordine [&hellip;]<\/p>\n","protected":false},"author":2,"featured_media":736392,"comment_status":"open","ping_status":"open","sticky":false,"template":"","format":"standard","meta":{"_display_image":"","footnotes":""},"categories":[1304],"tags":[1835],"class_list":["post-736391","post","type-post","status-publish","format-standard","has-post-thumbnail","hentry","category-cultura-in-ungheria","tag-educazione"],"blocksy_meta":[],"author_username":"alk","telegram_post":"","public_post_metadata":{"breaking_news":"","important":"","csempe":"","center_tile":"","disable_thumbnail":"","target_lang":"","_featured_image_style":"","telegram_post":"","_xlat_group_id":""},"public_rank_math_data":{"title":"%titolo% %sep% %nomesito%","description":"","focus_keyword":"","canonical_url":"","robots":"","primary_category":"1304","breadcrumb_title":"","facebook_title":"","facebook_description":"","facebook_image":"","facebook_image_id":"","twitter_title":"","twitter_description":"","twitter_image":"","twitter_image_id":"","twitter_card_type":"","twitter_use_facebook":"","advanced_robots":"","pillar_content":"","seo_score":"","contentai_score":"","rich_snippet":""},"_links":{"self":[{"href":"https:\/\/dailynewshungary.com\/it\/wp-json\/wp\/v2\/posts\/736391","targetHints":{"allow":["GET"]}}],"collection":[{"href":"https:\/\/dailynewshungary.com\/it\/wp-json\/wp\/v2\/posts"}],"about":[{"href":"https:\/\/dailynewshungary.com\/it\/wp-json\/wp\/v2\/types\/post"}],"author":[{"embeddable":true,"href":"https:\/\/dailynewshungary.com\/it\/wp-json\/wp\/v2\/users\/2"}],"replies":[{"embeddable":true,"href":"https:\/\/dailynewshungary.com\/it\/wp-json\/wp\/v2\/comments?post=736391"}],"version-history":[{"count":0,"href":"https:\/\/dailynewshungary.com\/it\/wp-json\/wp\/v2\/posts\/736391\/revisions"}],"wp:featuredmedia":[{"embeddable":true,"href":"https:\/\/dailynewshungary.com\/it\/wp-json\/wp\/v2\/media\/736392"}],"wp:attachment":[{"href":"https:\/\/dailynewshungary.com\/it\/wp-json\/wp\/v2\/media?parent=736391"}],"wp:term":[{"taxonomy":"category","embeddable":true,"href":"https:\/\/dailynewshungary.com\/it\/wp-json\/wp\/v2\/categories?post=736391"},{"taxonomy":"post_tag","embeddable":true,"href":"https:\/\/dailynewshungary.com\/it\/wp-json\/wp\/v2\/tags?post=736391"}],"curies":[{"name":"wp","href":"https:\/\/api.w.org\/{rel}","templated":true}]}}