{"id":736395,"date":"2014-09-08T15:41:13","date_gmt":"2014-09-08T13:41:13","guid":{"rendered":"https:\/\/dailynewshungary.com\/it\/lungheria-donera-100-000-euro-ai-piani-di-difesa-informatica-della-nato\/"},"modified":"2014-09-08T15:41:13","modified_gmt":"2014-09-08T13:41:13","slug":"lungheria-donera-100-000-euro-ai-piani-di-difesa-informatica-della-nato","status":"publish","type":"post","link":"https:\/\/dailynewshungary.com\/it\/lungheria-donera-100-000-euro-ai-piani-di-difesa-informatica-della-nato\/","title":{"rendered":"L\u2019Ungheria doner\u00e0 100.000 euro ai piani di difesa informatica della NATO"},"content":{"rendered":"<p><strong>Budapest, 8 settembre (MTI) 0 L&#8217;Ungheria contribuir\u00e0 con 10.000 euro al rafforzamento della difesa informatica, come parte degli impegni assunti alla conferenza NATO della scorsa settimana sulla crisi ucraina, ha detto oggi un funzionario della difesa.<\/strong><\/p>\n<p>Intervenendo a una conferenza a Budapest, il vice segretario di Stato alla Difesa Peter Siklosi ha detto che se il parlamento dar\u00e0 la sua approvazione, l&#8217;Ungheria aumenter\u00e0 le spese per la difesa pi\u00f9 di quanto precedentemente previsto e migliorer\u00e0 la struttura aerea della base Papa per renderla adatta all&#8217;uso da parte degli aerei della NATO.<\/p>\n<p>L&#8217;Ungheria si \u00e8 impegnata a inviare una compagnia di fucilieri negli Stati baltici per un periodo di 2-2,5 mesi e ad assumere un ruolo in una forza di risposta rapida, ha detto Siklosi L&#8217;anno prossimo l&#8217;Ungheria prender\u00e0 parte ad esercitazioni militari multinazionali sotto il comando della NATO in Ungheria, ha aggiunto.<\/p>\n<p>Szabolcs Takacs, vice segretario di Stato per la politica di difesa presso il Ministero degli Esteri, ha dichiarato alla stessa conferenza che il vertice della NATO della scorsa settimana ha raggiunto l\u2019importante compito di rafforzare l\u2019alleanza e ha inviato un chiaro messaggio che si tratta di una forte cooperazione militare che non accetter\u00e0 attacchi sferrati contro nessuno dei suoi membri.<\/p>\n<p><em>Foto: hirek.sk<\/em><\/p>\n","protected":false},"excerpt":{"rendered":"<p>Budapest, 8 settembre (MTI) 0 L&#8217;Ungheria contribuir\u00e0 con 10.000 euro al rafforzamento della difesa informatica, come parte degli impegni assunti alla conferenza NATO della scorsa settimana sulla crisi ucraina, ha detto oggi un funzionario della difesa. Intervenendo a una conferenza a Budapest, il vice segretario di Stato alla Difesa Peter Siklosi ha detto che se [&hellip;]<\/p>\n","protected":false},"author":2,"featured_media":736396,"comment_status":"open","ping_status":"open","sticky":false,"template":"","format":"standard","meta":{"_display_image":"","footnotes":""},"categories":[1185],"tags":[1092],"class_list":["post-736395","post","type-post","status-publish","format-standard","has-post-thumbnail","hentry","category-politica-in-ungheria","tag-ministero-degli-affari-esteri-dellungheria"],"blocksy_meta":[],"author_username":"alk","telegram_post":"","public_post_metadata":{"breaking_news":"","important":"","csempe":"","center_tile":"","disable_thumbnail":"","target_lang":"","_featured_image_style":"","telegram_post":"","_xlat_group_id":""},"public_rank_math_data":{"title":"%titolo% %sep% %nomesito%","description":"","focus_keyword":"","canonical_url":"","robots":"","primary_category":"1185","breadcrumb_title":"","facebook_title":"","facebook_description":"","facebook_image":"","facebook_image_id":"","twitter_title":"","twitter_description":"","twitter_image":"","twitter_image_id":"","twitter_card_type":"","twitter_use_facebook":"","advanced_robots":"","pillar_content":"","seo_score":"","contentai_score":"","rich_snippet":""},"_links":{"self":[{"href":"https:\/\/dailynewshungary.com\/it\/wp-json\/wp\/v2\/posts\/736395","targetHints":{"allow":["GET"]}}],"collection":[{"href":"https:\/\/dailynewshungary.com\/it\/wp-json\/wp\/v2\/posts"}],"about":[{"href":"https:\/\/dailynewshungary.com\/it\/wp-json\/wp\/v2\/types\/post"}],"author":[{"embeddable":true,"href":"https:\/\/dailynewshungary.com\/it\/wp-json\/wp\/v2\/users\/2"}],"replies":[{"embeddable":true,"href":"https:\/\/dailynewshungary.com\/it\/wp-json\/wp\/v2\/comments?post=736395"}],"version-history":[{"count":0,"href":"https:\/\/dailynewshungary.com\/it\/wp-json\/wp\/v2\/posts\/736395\/revisions"}],"wp:featuredmedia":[{"embeddable":true,"href":"https:\/\/dailynewshungary.com\/it\/wp-json\/wp\/v2\/media\/736396"}],"wp:attachment":[{"href":"https:\/\/dailynewshungary.com\/it\/wp-json\/wp\/v2\/media?parent=736395"}],"wp:term":[{"taxonomy":"category","embeddable":true,"href":"https:\/\/dailynewshungary.com\/it\/wp-json\/wp\/v2\/categories?post=736395"},{"taxonomy":"post_tag","embeddable":true,"href":"https:\/\/dailynewshungary.com\/it\/wp-json\/wp\/v2\/tags?post=736395"}],"curies":[{"name":"wp","href":"https:\/\/api.w.org\/{rel}","templated":true}]}}