{"id":736479,"date":"2014-09-02T10:08:04","date_gmt":"2014-09-02T08:08:04","guid":{"rendered":"https:\/\/dailynewshungary.com\/it\/fidesz-afferma-che-tutte-le-condizioni-in-vigore-affinche-il-nuovo-anno-scolastico-abbia-successo\/"},"modified":"2014-09-02T10:08:04","modified_gmt":"2014-09-02T08:08:04","slug":"fidesz-afferma-che-tutte-le-condizioni-in-vigore-affinche-il-nuovo-anno-scolastico-abbia-successo","status":"publish","type":"post","link":"https:\/\/dailynewshungary.com\/it\/fidesz-afferma-che-tutte-le-condizioni-in-vigore-affinche-il-nuovo-anno-scolastico-abbia-successo\/","title":{"rendered":"Fidesz afferma che tutte le condizioni in vigore affinch\u00e9 il nuovo anno scolastico abbia successo"},"content":{"rendered":"<p><strong>(MTI) Il partito al potere Fidesz ha affermato che esistono tutte le condizioni affinch\u00e9 il nuovo anno scolastico abbia successo, mentre l&#8217;opposizione ha criticato le politiche educative del governo il primo giorno del semestre autunnale.<\/strong><\/p>\n<p>Il livello di istruzione continua ad aumentare e l\u2019inizio del nuovo anno scolastico \u00e8 diventato pi\u00f9 facile per le famiglie perch\u00e9 il 60% degli alunni ha libri di testo gratuiti e il costo dei libri \u00e8 diminuito in media del 20%, ha detto Fidesz, aggiungendo che gli insegnanti i salari continuano ad aumentare.<\/p>\n<p>Complessivamente 215.000 alunni stanno iniziando l&#8217;anno accademico in una scuola della chiesa Il numero di tali scuole \u00e8 quasi raddoppiato negli ultimi quattro anni, ha detto il ministro delle Risorse umane Zoltan Balog in un evento di apertura dell&#8217;anno.<\/p>\n<p>Il portavoce del Partito socialista per l&#8217;istruzione, Istvan Hiller, ha detto che l&#8217;agenzia statale centrale per la gestione delle scuole, il Klebelsberg Institute (KLIK) non era all&#8217;altezza del lavoro Il partito verde LMP ha chiesto un cambiamento radicale dell&#8217;intero sistema educativo pubblico.<\/p>\n<p>In Ungheria iniziano il nuovo anno scolastico complessivamente 1.267.000 alunni.<\/p>\n<p><em>Foto: MTI \u2013 Tamas Kovacs<\/em><\/p>\n","protected":false},"excerpt":{"rendered":"<p>(MTI) Il partito al potere Fidesz ha affermato che esistono tutte le condizioni affinch\u00e9 il nuovo anno scolastico abbia successo, mentre l&#8217;opposizione ha criticato le politiche educative del governo il primo giorno del semestre autunnale. Il livello di istruzione continua ad aumentare e l\u2019inizio del nuovo anno scolastico \u00e8 diventato pi\u00f9 facile per le famiglie [&hellip;]<\/p>\n","protected":false},"author":2,"featured_media":736480,"comment_status":"open","ping_status":"open","sticky":false,"template":"","format":"standard","meta":{"_display_image":"","footnotes":""},"categories":[1185],"tags":[1835],"class_list":["post-736479","post","type-post","status-publish","format-standard","has-post-thumbnail","hentry","category-politica-in-ungheria","tag-educazione"],"blocksy_meta":[],"author_username":"alk","telegram_post":"","public_post_metadata":{"breaking_news":"","important":"","csempe":"","center_tile":"","disable_thumbnail":"","target_lang":"","_featured_image_style":"","telegram_post":"","_xlat_group_id":""},"public_rank_math_data":{"title":"%titolo% %sep% %nomesito%","description":"","focus_keyword":"","canonical_url":"","robots":"","primary_category":"1185","breadcrumb_title":"","facebook_title":"","facebook_description":"","facebook_image":"","facebook_image_id":"","twitter_title":"","twitter_description":"","twitter_image":"","twitter_image_id":"","twitter_card_type":"","twitter_use_facebook":"","advanced_robots":"","pillar_content":"","seo_score":"","contentai_score":"","rich_snippet":""},"_links":{"self":[{"href":"https:\/\/dailynewshungary.com\/it\/wp-json\/wp\/v2\/posts\/736479","targetHints":{"allow":["GET"]}}],"collection":[{"href":"https:\/\/dailynewshungary.com\/it\/wp-json\/wp\/v2\/posts"}],"about":[{"href":"https:\/\/dailynewshungary.com\/it\/wp-json\/wp\/v2\/types\/post"}],"author":[{"embeddable":true,"href":"https:\/\/dailynewshungary.com\/it\/wp-json\/wp\/v2\/users\/2"}],"replies":[{"embeddable":true,"href":"https:\/\/dailynewshungary.com\/it\/wp-json\/wp\/v2\/comments?post=736479"}],"version-history":[{"count":0,"href":"https:\/\/dailynewshungary.com\/it\/wp-json\/wp\/v2\/posts\/736479\/revisions"}],"wp:featuredmedia":[{"embeddable":true,"href":"https:\/\/dailynewshungary.com\/it\/wp-json\/wp\/v2\/media\/736480"}],"wp:attachment":[{"href":"https:\/\/dailynewshungary.com\/it\/wp-json\/wp\/v2\/media?parent=736479"}],"wp:term":[{"taxonomy":"category","embeddable":true,"href":"https:\/\/dailynewshungary.com\/it\/wp-json\/wp\/v2\/categories?post=736479"},{"taxonomy":"post_tag","embeddable":true,"href":"https:\/\/dailynewshungary.com\/it\/wp-json\/wp\/v2\/tags?post=736479"}],"curies":[{"name":"wp","href":"https:\/\/api.w.org\/{rel}","templated":true}]}}