{"id":736483,"date":"2014-09-01T19:55:09","date_gmt":"2014-09-01T17:55:09","guid":{"rendered":"https:\/\/dailynewshungary.com\/it\/szijjarto-definisce-lespansione-dellue-indispensabile-per-uneuropa-forte\/"},"modified":"2014-09-01T19:55:09","modified_gmt":"2014-09-01T17:55:09","slug":"szijjarto-definisce-lespansione-dellue-indispensabile-per-uneuropa-forte","status":"publish","type":"post","link":"https:\/\/dailynewshungary.com\/it\/szijjarto-definisce-lespansione-dellue-indispensabile-per-uneuropa-forte\/","title":{"rendered":"Szijjarto definisce l\u2019espansione dell\u2019UE indispensabile per un\u2019Europa forte"},"content":{"rendered":"<p><strong>Chisinau, 1 settembre (MTI) L&#8217;espansione dell&#8217;Unione europea \u00e8 indispensabile affinch\u00e9 l&#8217;Europa sia forte, ha detto luned\u00ec il ministro degli Esteri Peter Szijjarto in una riunione dei leader diplomatici dell&#8217;UE.<\/strong><\/p>\n<p>Intervenendo a un incontro a Chisinau, tenutosi a sostegno dell&#8217;integrazione europea della Moldavia, Szijjarto ha affermato che qualsiasi ritardo o ostacolo all&#8217;espansione va contro gli interessi dell&#8217;UE.<\/p>\n<p>\u201cI cambiamenti nella politica e nell&#8217;economia mondiale hanno fatto perdere all&#8217;Unione europea gran parte della sua competitivit\u00e0 e l&#8217;isolamento \u00e8 la risposta sbagliata In questa situazione, l&#8217;espansione dell&#8217;UE deve essere accelerata al fine di recuperare la competitivit\u00e0 perduta, ha detto\u201d.<\/p>\n<p>Szijjarto ha affermato che il programma di partenariato orientale dell&#8217;UE dovrebbe essere rafforzato. Il successo di questo programma risiede nell&#8217;interesse fondamentale dell&#8217;Ungheria poich\u00e9 i paesi coinvolti in esso sono obiettivi dell&#8217;apertura dell&#8217;Ungheria alla strategia commerciale estera della costa orientale e la loro integrazione europea darebbe slancio alla cooperazione economica e commerciale.<\/p>\n<p>Szijjarto, che \u00e8 anche a capo del comitato misto economico ungherese-moldavo, ha avuto colloqui con il viceministro dell&#8217;economia Octavian Calmic e ha concordato con lui di convocare una riunione del comitato per il 25 e 26 settembre.<\/p>\n<p>Le esportazioni ungheresi verso i membri del partenariato orientale Moldavia, Azerbaigian, Armenia, Georgia, Bielorussia e Ucraina sono aumentate del 13,6 per cento fino a superare i 3 miliardi di dollari lo scorso anno e si prevede un&#8217;ulteriore crescita significativa man mano che l&#8217;integrazione di questi paesi farmaceutici ha svolto un ruolo importante nella cooperazione economica e commerciale ungherese-moldava lo scorso anno che ha superato i 120 milioni di dollari.<\/p>\n<p>La Moldavia ha firmato un accordo di associazione e libero scambio con l&#8217;UE il 27 giugno, che sar\u00e0 ratificato dagli Stati membri.<\/p>\n<p><em>Foto: MTI\/Ministero degli Affari Esteri e del Commercio<\/em><\/p>\n","protected":false},"excerpt":{"rendered":"<p>Chisinau, 1 settembre (MTI) L&#8217;espansione dell&#8217;Unione europea \u00e8 indispensabile affinch\u00e9 l&#8217;Europa sia forte, ha detto luned\u00ec il ministro degli Esteri Peter Szijjarto in una riunione dei leader diplomatici dell&#8217;UE. Intervenendo a un incontro a Chisinau, tenutosi a sostegno dell&#8217;integrazione europea della Moldavia, Szijjarto ha affermato che qualsiasi ritardo o ostacolo all&#8217;espansione va contro gli interessi [&hellip;]<\/p>\n","protected":false},"author":2,"featured_media":736484,"comment_status":"open","ping_status":"open","sticky":false,"template":"","format":"standard","meta":{"_display_image":"","footnotes":""},"categories":[1185],"tags":[1092],"class_list":["post-736483","post","type-post","status-publish","format-standard","has-post-thumbnail","hentry","category-politica-in-ungheria","tag-ministero-degli-affari-esteri-dellungheria"],"blocksy_meta":[],"author_username":"alk","telegram_post":"","public_post_metadata":{"breaking_news":"","important":"","csempe":"","center_tile":"","disable_thumbnail":"","target_lang":"","_featured_image_style":"","telegram_post":"","_xlat_group_id":""},"public_rank_math_data":{"title":"%titolo% %sep% %nomesito%","description":"","focus_keyword":"","canonical_url":"","robots":"","primary_category":"1185","breadcrumb_title":"","facebook_title":"","facebook_description":"","facebook_image":"","facebook_image_id":"","twitter_title":"","twitter_description":"","twitter_image":"","twitter_image_id":"","twitter_card_type":"","twitter_use_facebook":"","advanced_robots":"","pillar_content":"","seo_score":"","contentai_score":"","rich_snippet":""},"_links":{"self":[{"href":"https:\/\/dailynewshungary.com\/it\/wp-json\/wp\/v2\/posts\/736483","targetHints":{"allow":["GET"]}}],"collection":[{"href":"https:\/\/dailynewshungary.com\/it\/wp-json\/wp\/v2\/posts"}],"about":[{"href":"https:\/\/dailynewshungary.com\/it\/wp-json\/wp\/v2\/types\/post"}],"author":[{"embeddable":true,"href":"https:\/\/dailynewshungary.com\/it\/wp-json\/wp\/v2\/users\/2"}],"replies":[{"embeddable":true,"href":"https:\/\/dailynewshungary.com\/it\/wp-json\/wp\/v2\/comments?post=736483"}],"version-history":[{"count":0,"href":"https:\/\/dailynewshungary.com\/it\/wp-json\/wp\/v2\/posts\/736483\/revisions"}],"wp:featuredmedia":[{"embeddable":true,"href":"https:\/\/dailynewshungary.com\/it\/wp-json\/wp\/v2\/media\/736484"}],"wp:attachment":[{"href":"https:\/\/dailynewshungary.com\/it\/wp-json\/wp\/v2\/media?parent=736483"}],"wp:term":[{"taxonomy":"category","embeddable":true,"href":"https:\/\/dailynewshungary.com\/it\/wp-json\/wp\/v2\/categories?post=736483"},{"taxonomy":"post_tag","embeddable":true,"href":"https:\/\/dailynewshungary.com\/it\/wp-json\/wp\/v2\/tags?post=736483"}],"curies":[{"name":"wp","href":"https:\/\/api.w.org\/{rel}","templated":true}]}}