{"id":736513,"date":"2014-08-30T12:14:18","date_gmt":"2014-08-30T10:14:18","guid":{"rendered":"https:\/\/dailynewshungary.com\/it\/lazar-delinea-una-nuova-fase-nel-rinnovamento-della-pubblica-amministrazione\/"},"modified":"2014-08-30T12:14:18","modified_gmt":"2014-08-30T10:14:18","slug":"lazar-delinea-una-nuova-fase-nel-rinnovamento-della-pubblica-amministrazione","status":"publish","type":"post","link":"https:\/\/dailynewshungary.com\/it\/lazar-delinea-una-nuova-fase-nel-rinnovamento-della-pubblica-amministrazione\/","title":{"rendered":"Lazar delinea una nuova fase nel rinnovamento della pubblica amministrazione"},"content":{"rendered":"<p><strong>Budapest, 2 agosto (MTI) Il capo di gabinetto Janos Lazar in un&#8217;intervista radiofonica ha delineato la prossima fase prevista per la riforma della pubblica amministrazione ungherese.<\/strong><\/p>\n<p>Parlando venerd\u00ec all&#8217;emittente locale Gong Radio a Kecskemet, Lazar ha affermato che sono in corso grandi cambiamenti per cambiare l&#8217;intero approccio alla fornitura statale di servizi pubblici a partire dal prossimo anno.<\/p>\n<p>In Ungheria non dovrebbe prevalere il dominio statale ma piuttosto tutti i contribuenti devono sentire che lo Stato ungherese sta facendo tutto nel loro interesse, e che la pubblica amministrazione serve loro e non il contrario Ma allo stato attuale, da questa siamo ancora in corso \u201c\u201d<\/p>\n<p>Lazar ha detto che i dipendenti statali devono imparare la regola di base secondo cui \u201cil cliente viene prima ed \u00e8 sempre reght\u201d. La riforma dello stato 2, come viene soprannominata, riguarder\u00e0 tutta il cambiamento delle mentalit\u00e0 di base e il cambiamento culturale verso il servizio ai cittadini, ha aggiunto.<\/p>\n<p>La pubblica amministrazione regionale e gli uffici governativi saranno rafforzati e posti su una base pi\u00f9 professionale, ha affermato, aggiungendo che i paesi che hanno pi\u00f9 successo dell&#8217;Ungheria lo sono pi\u00f9 in parte perch\u00e9 lo stato \u00e8 meglio organizzato, pi\u00f9 efficiente e coinvolge i cittadini in un modo pi\u00f9 moderno, veloce ed esigente Lazar ha promesso di ridurre la burocrazia, l&#8217;eccessiva regolamentazione e le regole\u201cstupid\u201d, oltre a rendere pi\u00f9 economici servizi come la richiesta di passaporto.<\/p>\n<p>Tra le altre iniziative che ha notato nella sua intervista c&#8217;era l&#8217;impegno a collegare quattro milioni di famiglie alla banda larga entro il 2018 in collaborazione con Magyar Telekom, un&#8217;unit\u00e0 della tedesca T-Com, con l&#8217;obiettivo di inserire i servizi statali nei salotti delle persone via Internet.<\/p>\n<p><em>Foto: www.szekesfehervar.hu<\/em><\/p>\n","protected":false},"excerpt":{"rendered":"<p>Budapest, 2 agosto (MTI) Il capo di gabinetto Janos Lazar in un&#8217;intervista radiofonica ha delineato la prossima fase prevista per la riforma della pubblica amministrazione ungherese. Parlando venerd\u00ec all&#8217;emittente locale Gong Radio a Kecskemet, Lazar ha affermato che sono in corso grandi cambiamenti per cambiare l&#8217;intero approccio alla fornitura statale di servizi pubblici a partire [&hellip;]<\/p>\n","protected":false},"author":2,"featured_media":736514,"comment_status":"open","ping_status":"open","sticky":false,"template":"","format":"standard","meta":{"_display_image":"","footnotes":""},"categories":[1185],"tags":[1066],"class_list":["post-736513","post","type-post","status-publish","format-standard","has-post-thumbnail","hentry","category-politica-in-ungheria","tag-hungary"],"blocksy_meta":[],"author_username":"alk","telegram_post":"","public_post_metadata":{"breaking_news":"","important":"","csempe":"","center_tile":"","disable_thumbnail":"","target_lang":"","_featured_image_style":"","telegram_post":"","_xlat_group_id":""},"public_rank_math_data":{"title":"%titolo% %sep% %nomesito%","description":"","focus_keyword":"","canonical_url":"","robots":"","primary_category":"1185","breadcrumb_title":"","facebook_title":"","facebook_description":"","facebook_image":"","facebook_image_id":"","twitter_title":"","twitter_description":"","twitter_image":"","twitter_image_id":"","twitter_card_type":"","twitter_use_facebook":"","advanced_robots":"","pillar_content":"","seo_score":"","contentai_score":"","rich_snippet":""},"_links":{"self":[{"href":"https:\/\/dailynewshungary.com\/it\/wp-json\/wp\/v2\/posts\/736513","targetHints":{"allow":["GET"]}}],"collection":[{"href":"https:\/\/dailynewshungary.com\/it\/wp-json\/wp\/v2\/posts"}],"about":[{"href":"https:\/\/dailynewshungary.com\/it\/wp-json\/wp\/v2\/types\/post"}],"author":[{"embeddable":true,"href":"https:\/\/dailynewshungary.com\/it\/wp-json\/wp\/v2\/users\/2"}],"replies":[{"embeddable":true,"href":"https:\/\/dailynewshungary.com\/it\/wp-json\/wp\/v2\/comments?post=736513"}],"version-history":[{"count":0,"href":"https:\/\/dailynewshungary.com\/it\/wp-json\/wp\/v2\/posts\/736513\/revisions"}],"wp:featuredmedia":[{"embeddable":true,"href":"https:\/\/dailynewshungary.com\/it\/wp-json\/wp\/v2\/media\/736514"}],"wp:attachment":[{"href":"https:\/\/dailynewshungary.com\/it\/wp-json\/wp\/v2\/media?parent=736513"}],"wp:term":[{"taxonomy":"category","embeddable":true,"href":"https:\/\/dailynewshungary.com\/it\/wp-json\/wp\/v2\/categories?post=736513"},{"taxonomy":"post_tag","embeddable":true,"href":"https:\/\/dailynewshungary.com\/it\/wp-json\/wp\/v2\/tags?post=736513"}],"curies":[{"name":"wp","href":"https:\/\/api.w.org\/{rel}","templated":true}]}}