{"id":736537,"date":"2014-08-28T12:13:13","date_gmt":"2014-08-28T10:13:13","guid":{"rendered":"https:\/\/dailynewshungary.com\/it\/decreto-governativo-emanato-per-lavvio-delluniversita-francese-di-seghedino\/"},"modified":"2014-08-28T12:13:13","modified_gmt":"2014-08-28T10:13:13","slug":"decreto-governativo-emanato-per-lavvio-delluniversita-francese-di-seghedino","status":"publish","type":"post","link":"https:\/\/dailynewshungary.com\/it\/decreto-governativo-emanato-per-lavvio-delluniversita-francese-di-seghedino\/","title":{"rendered":"Decreto governativo emanato per l\u2019avvio dell\u2019Universit\u00e0 francese di Seghedino"},"content":{"rendered":"<p><strong>(MTI) (Il governo lancer\u00e0 un&#8217;Universit\u00e0 francese sotto gli auspici dell&#8217;Universit\u00e0 di Szeged, si legge mercoled\u00ec nella gazzetta ufficiale del governo.<\/strong><\/p>\n<p>La nuova universit\u00e0 di Seghedino, nel sud dell&#8217;Ungheria, avr\u00e0 un budget annuale di 40 milioni di fiorini (128.000 euro) fino al 2018. Altri 20 milioni di fiorini saranno destinati quest&#8217;anno dal ministro della Presidenza del Consiglio.<\/p>\n<p>In un forum alla fine del 2013 presso il Centro universitario francofono dell&#8217;Universit\u00e0 di Szeged, l&#8217;ex ministro degli Esteri Janos Martonyi ha annunciato l&#8217;intenzione di istituire tale universit\u00e0.<\/p>\n","protected":false},"excerpt":{"rendered":"<p>(MTI) (Il governo lancer\u00e0 un&#8217;Universit\u00e0 francese sotto gli auspici dell&#8217;Universit\u00e0 di Szeged, si legge mercoled\u00ec nella gazzetta ufficiale del governo. La nuova universit\u00e0 di Seghedino, nel sud dell&#8217;Ungheria, avr\u00e0 un budget annuale di 40 milioni di fiorini (128.000 euro) fino al 2018. Altri 20 milioni di fiorini saranno destinati quest&#8217;anno dal ministro della Presidenza del [&hellip;]<\/p>\n","protected":false},"author":2,"featured_media":736538,"comment_status":"open","ping_status":"open","sticky":false,"template":"","format":"standard","meta":{"_display_image":"","footnotes":""},"categories":[1304],"tags":[1835],"class_list":["post-736537","post","type-post","status-publish","format-standard","has-post-thumbnail","hentry","category-cultura-in-ungheria","tag-educazione"],"blocksy_meta":[],"author_username":"alk","telegram_post":"","public_post_metadata":{"breaking_news":"","important":"","csempe":"","center_tile":"","disable_thumbnail":"","target_lang":"","_featured_image_style":"","telegram_post":"","_xlat_group_id":""},"public_rank_math_data":{"title":"%titolo% %sep% %nomesito%","description":"","focus_keyword":"","canonical_url":"","robots":"","primary_category":"1304","breadcrumb_title":"","facebook_title":"","facebook_description":"","facebook_image":"","facebook_image_id":"","twitter_title":"","twitter_description":"","twitter_image":"","twitter_image_id":"","twitter_card_type":"","twitter_use_facebook":"","advanced_robots":"","pillar_content":"","seo_score":"","contentai_score":"","rich_snippet":""},"_links":{"self":[{"href":"https:\/\/dailynewshungary.com\/it\/wp-json\/wp\/v2\/posts\/736537","targetHints":{"allow":["GET"]}}],"collection":[{"href":"https:\/\/dailynewshungary.com\/it\/wp-json\/wp\/v2\/posts"}],"about":[{"href":"https:\/\/dailynewshungary.com\/it\/wp-json\/wp\/v2\/types\/post"}],"author":[{"embeddable":true,"href":"https:\/\/dailynewshungary.com\/it\/wp-json\/wp\/v2\/users\/2"}],"replies":[{"embeddable":true,"href":"https:\/\/dailynewshungary.com\/it\/wp-json\/wp\/v2\/comments?post=736537"}],"version-history":[{"count":0,"href":"https:\/\/dailynewshungary.com\/it\/wp-json\/wp\/v2\/posts\/736537\/revisions"}],"wp:featuredmedia":[{"embeddable":true,"href":"https:\/\/dailynewshungary.com\/it\/wp-json\/wp\/v2\/media\/736538"}],"wp:attachment":[{"href":"https:\/\/dailynewshungary.com\/it\/wp-json\/wp\/v2\/media?parent=736537"}],"wp:term":[{"taxonomy":"category","embeddable":true,"href":"https:\/\/dailynewshungary.com\/it\/wp-json\/wp\/v2\/categories?post=736537"},{"taxonomy":"post_tag","embeddable":true,"href":"https:\/\/dailynewshungary.com\/it\/wp-json\/wp\/v2\/tags?post=736537"}],"curies":[{"name":"wp","href":"https:\/\/api.w.org\/{rel}","templated":true}]}}