{"id":736565,"date":"2014-08-26T10:05:29","date_gmt":"2014-08-26T08:05:29","guid":{"rendered":"https:\/\/dailynewshungary.com\/it\/vice-primo-ministro-il-governo-sostiene-gli-sforzi-di-autonomia-dei-parenti-etnici\/"},"modified":"2014-08-26T10:05:29","modified_gmt":"2014-08-26T08:05:29","slug":"vice-primo-ministro-il-governo-sostiene-gli-sforzi-di-autonomia-dei-parenti-etnici","status":"publish","type":"post","link":"https:\/\/dailynewshungary.com\/it\/vice-primo-ministro-il-governo-sostiene-gli-sforzi-di-autonomia-dei-parenti-etnici\/","title":{"rendered":"Vice Primo Ministro: il governo sostiene gli sforzi di autonomia dei parenti etnici"},"content":{"rendered":"<p>(MTI) \u201cIl governo ungherese sostiene pienamente gli sforzi di autonomia delle comunit\u00e0 ungheresi all&#8217;estero, ha detto luned\u00ec il vice primo ministro Zsolt Semjen.<\/p>\n<p>Il governo sostiene tutti i concetti di autonomia sviluppati dalle comunit\u00e0 per la propria sopravvivenza, ha detto Semjen all&#8217;incontro annuale dei leader delle missioni diplomatiche a Budapest.<\/p>\n<p>Queste comunit\u00e0 non hanno mai chiesto nulla per il quale non ci siano precedenti in Europa, ha detto.<\/p>\n<p>\u201cNon siamo n\u00e9 cittadini di seconda classe, n\u00e9 un popolo di seconda classe, ha detto\u201d Semjen, sottolineando la necessit\u00e0 di respingere le accuse di estremismo nelle questioni di autonomia mosse contro l&#8217;Ungheria.<\/p>\n<p>Il vice primo ministro ha osservato che negli ultimi tre anni e mezzo, circa 610.000 ungheresi etnici hanno richiesto la cittadinanza ungherese con una procedura accelerata Se la tendenza attuale si mantiene, il governo sar\u00e0 in grado di realizzare il suo piano di aggiungere un milione alla comunit\u00e0 di cittadini ungheresi entro il 2018, ha detto.<\/p>\n<p><em>Foto: MTI \u2013 Szilard Koszticsak<\/em><\/p>\n","protected":false},"excerpt":{"rendered":"<p>(MTI) \u201cIl governo ungherese sostiene pienamente gli sforzi di autonomia delle comunit\u00e0 ungheresi all&#8217;estero, ha detto luned\u00ec il vice primo ministro Zsolt Semjen. Il governo sostiene tutti i concetti di autonomia sviluppati dalle comunit\u00e0 per la propria sopravvivenza, ha detto Semjen all&#8217;incontro annuale dei leader delle missioni diplomatiche a Budapest. Queste comunit\u00e0 non hanno mai [&hellip;]<\/p>\n","protected":false},"author":2,"featured_media":736566,"comment_status":"open","ping_status":"open","sticky":false,"template":"","format":"standard","meta":{"_display_image":"","footnotes":""},"categories":[1185],"tags":[1066],"class_list":["post-736565","post","type-post","status-publish","format-standard","has-post-thumbnail","hentry","category-politica-in-ungheria","tag-hungary"],"blocksy_meta":[],"author_username":"alk","telegram_post":"","public_post_metadata":{"breaking_news":"","important":"","csempe":"","center_tile":"","disable_thumbnail":"","target_lang":"","_featured_image_style":"","telegram_post":"","_xlat_group_id":""},"public_rank_math_data":{"title":"%titolo% %sep% %nomesito%","description":"","focus_keyword":"","canonical_url":"","robots":"","primary_category":"1185","breadcrumb_title":"","facebook_title":"","facebook_description":"","facebook_image":"","facebook_image_id":"","twitter_title":"","twitter_description":"","twitter_image":"","twitter_image_id":"","twitter_card_type":"","twitter_use_facebook":"","advanced_robots":"","pillar_content":"","seo_score":"","contentai_score":"","rich_snippet":""},"_links":{"self":[{"href":"https:\/\/dailynewshungary.com\/it\/wp-json\/wp\/v2\/posts\/736565","targetHints":{"allow":["GET"]}}],"collection":[{"href":"https:\/\/dailynewshungary.com\/it\/wp-json\/wp\/v2\/posts"}],"about":[{"href":"https:\/\/dailynewshungary.com\/it\/wp-json\/wp\/v2\/types\/post"}],"author":[{"embeddable":true,"href":"https:\/\/dailynewshungary.com\/it\/wp-json\/wp\/v2\/users\/2"}],"replies":[{"embeddable":true,"href":"https:\/\/dailynewshungary.com\/it\/wp-json\/wp\/v2\/comments?post=736565"}],"version-history":[{"count":0,"href":"https:\/\/dailynewshungary.com\/it\/wp-json\/wp\/v2\/posts\/736565\/revisions"}],"wp:featuredmedia":[{"embeddable":true,"href":"https:\/\/dailynewshungary.com\/it\/wp-json\/wp\/v2\/media\/736566"}],"wp:attachment":[{"href":"https:\/\/dailynewshungary.com\/it\/wp-json\/wp\/v2\/media?parent=736565"}],"wp:term":[{"taxonomy":"category","embeddable":true,"href":"https:\/\/dailynewshungary.com\/it\/wp-json\/wp\/v2\/categories?post=736565"},{"taxonomy":"post_tag","embeddable":true,"href":"https:\/\/dailynewshungary.com\/it\/wp-json\/wp\/v2\/tags?post=736565"}],"curies":[{"name":"wp","href":"https:\/\/api.w.org\/{rel}","templated":true}]}}