{"id":736575,"date":"2014-08-25T15:54:58","date_gmt":"2014-08-25T13:54:58","guid":{"rendered":"https:\/\/dailynewshungary.com\/it\/lungheria-si-imbarca-nella-crescita-economica-dice-orban-ai-leader-della-missione\/"},"modified":"2014-08-25T15:54:58","modified_gmt":"2014-08-25T13:54:58","slug":"lungheria-si-imbarca-nella-crescita-economica-dice-orban-ai-leader-della-missione","status":"publish","type":"post","link":"https:\/\/dailynewshungary.com\/it\/lungheria-si-imbarca-nella-crescita-economica-dice-orban-ai-leader-della-missione\/","title":{"rendered":"L\u2019Ungheria si imbarca nella crescita economica, dice Orban ai leader della missione"},"content":{"rendered":"<p><strong>Budapest, 5 agosto (MTI) 2 L&#8217;Ungheria ha intrapreso un periodo di crescita economica che potrebbe mettere il paese tra gli Stati membri dell&#8217;Unione europea in pi\u00f9 rapida crescita, ha detto oggi il primo ministro Viktor Orban.<\/strong><\/p>\n<p>Rivolgendosi all&#8217;incontro annuale dei leader delle missioni ungheresi, Orban ha affermato che l&#8217;Ungheria ha posto fine a un periodo di quattro anni di governance di successo, segnalato dal paese che esce dalla procedura per disavanzo eccessivo avviata contro di essa dall&#8217;UE.<\/p>\n<p>Ha detto che l\u2019Ungheria \u00e8 un paese orientato all\u2019esportazione che garantisce una politica estera incentrata sull\u2019economia.<\/p>\n<p>Ha chiesto ai leader delle missioni di rappresentare un paese con prospettive di successo, che ha raggiunto risultati utilizzando concetti e decisioni insoliti ma sconosciuti e trattati con sospetto nell&#8217;UE. Ha detto che l&#8217;Ungheria non dovrebbe doversi difendere dalla sua posizione, ma piuttosto i diplomatici dovrebbero presentare le opportunit\u00e0 derivanti dai successi ottenuti in passato.<\/p>\n<p>Ha detto che il governo non vuole cambiare la sua politica sul lavoro, vale a dire che coloro che possono ma non vogliono lavorare non otterranno il sostegno statale. Ha detto che questo concetto era diverso dalle politiche liberali note per essere ospitate dagli stati sociali.<\/p>\n<p>Ha anche affermato che l&#8217;Ungheria \u00e8 l&#8217;unico paese dell&#8217;UE il cui sistema politico \u00e8 stato completamente controllato dall&#8217;UE per i valori europei comuni.<\/p>\n<p>Orban ha sottolineato l&#8217;importanza di stringere legami tra imprese straniere e ungheresi, ha detto ai leader della missione durante il loro incontro annuale a Budapest che devono aiutare a portare imprese straniere che creano posti di lavoro in Ungheria, nonch\u00e9 a trovare mercati esteri per le esportazioni di aziende locali.<\/p>\n<p>Ci sono circa 2.500 piccole e medie imprese (PMI) ungheresi in grado di esportare al momento, ma l&#8217;obiettivo \u00e8 quello di aumentare il numero a 12.000, ha detto Ha aggiunto che l&#8217;obiettivo del governo \u00e8 quello di aumentare la percentuale di esportazioni ungheresi che vanno a partner commerciali al di fuori dell&#8217;Unione Europea a un terzo entro il 2018 e alla met\u00e0 pi\u00f9 tardi.<\/p>\n<p>L&#8217;Ungheria \u00e8 tra i paesi che considerano l&#8217;attuale situazione con la Russia come una questione essenzialmente economica, ha detto Orban, rispondendo a una domanda di Csaba Balogh, ambasciatore in Slovacchia, sulla situazione dell&#8217;embargo russo Orban ha detto che gli Stati baltici e la Polonia hanno considerato l&#8217;attuale conflitto come una questione di politica di sicurezza, ma l&#8217;Ungheria \u00e8 pi\u00f9 propensa ad affrontarlo dal punto di vista economico L&#8217;Unione europea si allontana di giorno in giorno dalla Russia, il che \u00e8 un male non solo per l&#8217;Ungheria ma per l&#8217;intera UE, ha detto L&#8217;Ungheria cerca di allinearsi con i membri dell&#8217;UE che sono interessati a rallentare questo processo di \u201c\u201d, ha detto, aggiungendo che il raggruppamento V4 di Repubblica Ceca, Ungheria, Polonia e Slovacchia non \u00e8 stato unanime su questo tema.<\/p>\n<p>L&#8217;incontro di tre giorni dei leader della missione iniziato luned\u00ec si concentra sugli scambi tra i membri del governo e gli alti funzionari del ministero degli Esteri, nonch\u00e9 sulla politica estera e sugli ultimi sviluppi nelle relazioni internazionali dell&#8217;Ungheria. Verr\u00e0 offerta una revisione dell&#8217;anno scorso e una prospettiva sui compiti nel prossimo anno, ha affermato in precedenza il ministro degli Esteri Tibor Navracsics.<\/p>\n<p>Rispondendo a una domanda sull&#8217;immigrazione, Orban ha detto che l&#8217;Ungheria \u00e8 libera da tali problemi e segue una politica di \u201cstone-hard\u201d che non sostiene minimamente l&#8217;immigrazione. \u201cDisruptare una societ\u00e0 omogenea non \u00e8 considerato un valore\u201d, ha detto. \u201cSe una societ\u00e0 raggiunge un punto in cui le persone capaci possono rivendicare il sostegno statale senza lavorare, ci\u00f2 si tradurr\u00e0 in problemi, ha detto\u201d. La lotta degli stati sociali deriva in gran parte da questo problema, ha aggiunto.<\/p>\n<p><em>Foto: MTI \u2013 Szilard Koszticsak<\/em><\/p>\n","protected":false},"excerpt":{"rendered":"<p>Budapest, 5 agosto (MTI) 2 L&#8217;Ungheria ha intrapreso un periodo di crescita economica che potrebbe mettere il paese tra gli Stati membri dell&#8217;Unione europea in pi\u00f9 rapida crescita, ha detto oggi il primo ministro Viktor Orban. Rivolgendosi all&#8217;incontro annuale dei leader delle missioni ungheresi, Orban ha affermato che l&#8217;Ungheria ha posto fine a un periodo [&hellip;]<\/p>\n","protected":false},"author":2,"featured_media":736576,"comment_status":"open","ping_status":"open","sticky":false,"template":"","format":"standard","meta":{"_display_image":"","footnotes":""},"categories":[1185],"tags":[1092,1083],"class_list":["post-736575","post","type-post","status-publish","format-standard","has-post-thumbnail","hentry","category-politica-in-ungheria","tag-ministero-degli-affari-esteri-dellungheria","tag-viktor-orban"],"blocksy_meta":[],"author_username":"alk","telegram_post":"","public_post_metadata":{"breaking_news":"","important":"","csempe":"","center_tile":"","disable_thumbnail":"","target_lang":"","_featured_image_style":"","telegram_post":"","_xlat_group_id":""},"public_rank_math_data":{"title":"%titolo% %sep% %nomesito%","description":"","focus_keyword":"","canonical_url":"","robots":"","primary_category":"1185","breadcrumb_title":"","facebook_title":"","facebook_description":"","facebook_image":"","facebook_image_id":"","twitter_title":"","twitter_description":"","twitter_image":"","twitter_image_id":"","twitter_card_type":"","twitter_use_facebook":"","advanced_robots":"","pillar_content":"","seo_score":"","contentai_score":"","rich_snippet":""},"_links":{"self":[{"href":"https:\/\/dailynewshungary.com\/it\/wp-json\/wp\/v2\/posts\/736575","targetHints":{"allow":["GET"]}}],"collection":[{"href":"https:\/\/dailynewshungary.com\/it\/wp-json\/wp\/v2\/posts"}],"about":[{"href":"https:\/\/dailynewshungary.com\/it\/wp-json\/wp\/v2\/types\/post"}],"author":[{"embeddable":true,"href":"https:\/\/dailynewshungary.com\/it\/wp-json\/wp\/v2\/users\/2"}],"replies":[{"embeddable":true,"href":"https:\/\/dailynewshungary.com\/it\/wp-json\/wp\/v2\/comments?post=736575"}],"version-history":[{"count":0,"href":"https:\/\/dailynewshungary.com\/it\/wp-json\/wp\/v2\/posts\/736575\/revisions"}],"wp:featuredmedia":[{"embeddable":true,"href":"https:\/\/dailynewshungary.com\/it\/wp-json\/wp\/v2\/media\/736576"}],"wp:attachment":[{"href":"https:\/\/dailynewshungary.com\/it\/wp-json\/wp\/v2\/media?parent=736575"}],"wp:term":[{"taxonomy":"category","embeddable":true,"href":"https:\/\/dailynewshungary.com\/it\/wp-json\/wp\/v2\/categories?post=736575"},{"taxonomy":"post_tag","embeddable":true,"href":"https:\/\/dailynewshungary.com\/it\/wp-json\/wp\/v2\/tags?post=736575"}],"curies":[{"name":"wp","href":"https:\/\/api.w.org\/{rel}","templated":true}]}}