{"id":736588,"date":"2014-08-24T17:52:38","date_gmt":"2014-08-24T15:52:38","guid":{"rendered":"https:\/\/dailynewshungary.com\/it\/ministro-degli-esteri-comunita-delle-nazioni-democratiche-rimedio-contro-i-regimi-totalitari\/"},"modified":"2014-08-24T17:52:38","modified_gmt":"2014-08-24T15:52:38","slug":"ministro-degli-esteri-comunita-delle-nazioni-democratiche-rimedio-contro-i-regimi-totalitari","status":"publish","type":"post","link":"https:\/\/dailynewshungary.com\/it\/ministro-degli-esteri-comunita-delle-nazioni-democratiche-rimedio-contro-i-regimi-totalitari\/","title":{"rendered":"Ministro degli Esteri: Comunit\u00e0 delle nazioni democratiche rimedio contro i regimi totalitari"},"content":{"rendered":"<p><strong>(MTI) (Una comunit\u00e0 di nazioni democratiche libere e indipendenti \u00e8 l&#8217;unico rimedio contro i regimi totalitari, ha detto sabato sera il ministro degli Esteri ungherese, durante una commemorazione nel Museo della Casa del Terrore di Budapest.<\/strong><\/p>\n<p>Tibor Navracsics \u00e8 intervenuto all&#8217;evento che ha segnato la Giornata europea della memoria per le vittime dei regimi totalitari e autoritari.<\/p>\n<p>Qualunque tipo di minaccia alla politica di sicurezza possano essere affrontata dai paesi europei, nulla pu\u00f2 minare la pace, la democrazia e lo stesso continente europeo se i paesi sono uniti e condividono la solidariet\u00e0, ha affermato.<\/p>\n<p><a href=\"https:\/\/dailynewshungary.com\/wp-content\/uploads\/2014\/08\/Download-2.jpg\" data-pswp-width=\"\" data-pswp-height=\"\" data-cropped=\"true\"><img loading=\"lazy\" decoding=\"async\" class=\"size-full wp-image-10035 aligncenter\" alt=\"Scarica (2)\" src=\"https:\/\/dailynewshungary.com\/wp-content\/uploads\/2014\/08\/Download-2.jpg\" width=\"600\" height=\"399\" srcset=\"https:\/\/contentf5.dailynewshungary.com\/wp-content\/uploads\/2014\/08\/Download-2.jpg 600w, https:\/\/contentf5.dailynewshungary.com\/wp-content\/uploads\/2014\/08\/Download-2-300x200.jpg 300w\" sizes=\"auto, (max-width: 600px) 100vw, 600px\"><\/a><\/p>\n<p>Nel 2011 i ministri della giustizia dell&#8217;UE hanno adottato a Lussemburgo un&#8217;iniziativa polacco-ungherese-lituana per commemorare le vittime dei regimi totalitari il 23 agosto, giorno in cui \u00e8 stato firmato il patto Molotov-Ribbentrop nel 1939.<\/p>\n<p>La Giornata europea della memoria \u00e8 stata celebrata per la prima volta nel 2011.<\/p>\n<p><em>Foto: MTI \u2013 Szilard Koszticsak<\/em><\/p>\n","protected":false},"excerpt":{"rendered":"<p>(MTI) (Una comunit\u00e0 di nazioni democratiche libere e indipendenti \u00e8 l&#8217;unico rimedio contro i regimi totalitari, ha detto sabato sera il ministro degli Esteri ungherese, durante una commemorazione nel Museo della Casa del Terrore di Budapest. Tibor Navracsics \u00e8 intervenuto all&#8217;evento che ha segnato la Giornata europea della memoria per le vittime dei regimi totalitari [&hellip;]<\/p>\n","protected":false},"author":2,"featured_media":736589,"comment_status":"open","ping_status":"open","sticky":false,"template":"","format":"standard","meta":{"_display_image":"","footnotes":""},"categories":[1185],"tags":[1092,1223],"class_list":["post-736588","post","type-post","status-publish","format-standard","has-post-thumbnail","hentry","category-politica-in-ungheria","tag-ministero-degli-affari-esteri-dellungheria","tag-storia"],"blocksy_meta":[],"author_username":"alk","telegram_post":"","public_post_metadata":{"breaking_news":"","important":"","csempe":"","center_tile":"","disable_thumbnail":"","target_lang":"","_featured_image_style":"","telegram_post":"","_xlat_group_id":""},"public_rank_math_data":{"title":"%titolo% %sep% %nomesito%","description":"","focus_keyword":"","canonical_url":"","robots":"","primary_category":"1185","breadcrumb_title":"","facebook_title":"","facebook_description":"","facebook_image":"","facebook_image_id":"","twitter_title":"","twitter_description":"","twitter_image":"","twitter_image_id":"","twitter_card_type":"","twitter_use_facebook":"","advanced_robots":"","pillar_content":"","seo_score":"","contentai_score":"","rich_snippet":""},"_links":{"self":[{"href":"https:\/\/dailynewshungary.com\/it\/wp-json\/wp\/v2\/posts\/736588","targetHints":{"allow":["GET"]}}],"collection":[{"href":"https:\/\/dailynewshungary.com\/it\/wp-json\/wp\/v2\/posts"}],"about":[{"href":"https:\/\/dailynewshungary.com\/it\/wp-json\/wp\/v2\/types\/post"}],"author":[{"embeddable":true,"href":"https:\/\/dailynewshungary.com\/it\/wp-json\/wp\/v2\/users\/2"}],"replies":[{"embeddable":true,"href":"https:\/\/dailynewshungary.com\/it\/wp-json\/wp\/v2\/comments?post=736588"}],"version-history":[{"count":0,"href":"https:\/\/dailynewshungary.com\/it\/wp-json\/wp\/v2\/posts\/736588\/revisions"}],"wp:featuredmedia":[{"embeddable":true,"href":"https:\/\/dailynewshungary.com\/it\/wp-json\/wp\/v2\/media\/736589"}],"wp:attachment":[{"href":"https:\/\/dailynewshungary.com\/it\/wp-json\/wp\/v2\/media?parent=736588"}],"wp:term":[{"taxonomy":"category","embeddable":true,"href":"https:\/\/dailynewshungary.com\/it\/wp-json\/wp\/v2\/categories?post=736588"},{"taxonomy":"post_tag","embeddable":true,"href":"https:\/\/dailynewshungary.com\/it\/wp-json\/wp\/v2\/tags?post=736588"}],"curies":[{"name":"wp","href":"https:\/\/api.w.org\/{rel}","templated":true}]}}