{"id":736630,"date":"2014-08-21T06:46:04","date_gmt":"2014-08-21T04:46:04","guid":{"rendered":"https:\/\/dailynewshungary.com\/it\/funzionari-governativi-commemorano-la-nascita-dello-stato-ungherese\/"},"modified":"2014-08-21T06:46:04","modified_gmt":"2014-08-21T04:46:04","slug":"funzionari-governativi-commemorano-la-nascita-dello-stato-ungherese","status":"publish","type":"post","link":"https:\/\/dailynewshungary.com\/it\/funzionari-governativi-commemorano-la-nascita-dello-stato-ungherese\/","title":{"rendered":"Funzionari governativi commemorano la nascita dello stato ungherese"},"content":{"rendered":"<p><strong>(MTI) I funzionari governativi hanno commemorato la festa nazionale del 20 agosto a livello nazionale, ricordando la creazione del primo stato ungherese da parte di Santo Stefano.<\/strong><\/p>\n<p>Rivolgendosi alle celebrazioni di stato a Eger, nell&#8217;Ungheria orientale, il vice primo ministro Zsolt Semjen ha affermato che \u00e8 stata una decisione di Santo Stefano, il primo re d&#8217;Ungheria, che il paese non dovrebbe essere subordinato ad alcuna potenza, al Sacro Romano Impero o all&#8217;Impero bizantino. Prima era anche volont\u00e0 della nazione ungherese che il paese non diventasse una colonia di Mosca. E ancora oggi, l\u2019Ungheria non sar\u00e0 subordinata nemmeno ai centri di potere mondiali, ha detto Semjen.<\/p>\n<p><a href=\"https:\/\/dailynewshungary.com\/wp-content\/uploads\/2014\/08\/l\u00e1z\u00e1r.jpg\" data-pswp-width=\"\" data-pswp-height=\"\" data-cropped=\"true\"><img loading=\"lazy\" decoding=\"async\" class=\"size-full wp-image-9968 aligncenter\" alt=\"laz\u00e1r\" src=\"https:\/\/dailynewshungary.com\/wp-content\/uploads\/2014\/08\/l\u00e1z\u00e1r.jpg\" width=\"600\" height=\"399\" srcset=\"https:\/\/contentf5.dailynewshungary.com\/wp-content\/uploads\/2014\/08\/l\u00e1z\u00e1r.jpg 600w, https:\/\/contentf5.dailynewshungary.com\/wp-content\/uploads\/2014\/08\/l\u00e1z\u00e1r-300x200.jpg 300w\" sizes=\"auto, (max-width: 600px) 100vw, 600px\"><\/a><\/p>\n<p>Janos Lazar, il capo dell&#8217;ufficio del primo ministro, ha detto a un raduno a Hodmezovasarhely, nel sud dell&#8217;Ungheria, che il giorno di Santo Stefano \u00e8 il compleanno dell&#8217;Ungheria, e la data simbolica che segna la nascita dello stato \u00e8 tutta una questione di creazione e costruzione Il giorno \u00e8 anche un simbolo del luogo e del ruolo centenario dell&#8217;Ungheria nel mondo cristiano e della sua storica appartenenza a una comunit\u00e0 europea, ha detto.<\/p>\n<p>Il vice leader di Fidesz Lajos Kosa, ha dichiarato a Debrecen, nell&#8217;Ungheria orientale, che le gesta di Santo Stefano sono state esemplari e uniche nella storia del popolo europeo ed \u00e8 stata una storia di successo il modo in cui gli ungheresi provenienti dall&#8217;est potevano trovare la loro casa e adattarsi all&#8217;Europa, assumendo il cristianesimo e diventando un paese di successo fino ad oggi.<\/p>\n<p><em>Foto: MTI \u2013 Zoltan Mathe, Gergely Zoltan<\/em><\/p>\n","protected":false},"excerpt":{"rendered":"<p>(MTI) I funzionari governativi hanno commemorato la festa nazionale del 20 agosto a livello nazionale, ricordando la creazione del primo stato ungherese da parte di Santo Stefano. Rivolgendosi alle celebrazioni di stato a Eger, nell&#8217;Ungheria orientale, il vice primo ministro Zsolt Semjen ha affermato che \u00e8 stata una decisione di Santo Stefano, il primo re [&hellip;]<\/p>\n","protected":false},"author":2,"featured_media":736631,"comment_status":"open","ping_status":"open","sticky":false,"template":"","format":"standard","meta":{"_display_image":"","footnotes":""},"categories":[1185],"tags":[1066],"class_list":["post-736630","post","type-post","status-publish","format-standard","has-post-thumbnail","hentry","category-politica-in-ungheria","tag-hungary"],"blocksy_meta":[],"author_username":"alk","telegram_post":"","public_post_metadata":{"breaking_news":"","important":"","csempe":"","center_tile":"","disable_thumbnail":"","target_lang":"","_featured_image_style":"","telegram_post":"","_xlat_group_id":""},"public_rank_math_data":{"title":"%titolo% %sep% %nomesito%","description":"","focus_keyword":"","canonical_url":"","robots":"","primary_category":"1185","breadcrumb_title":"","facebook_title":"","facebook_description":"","facebook_image":"","facebook_image_id":"","twitter_title":"","twitter_description":"","twitter_image":"","twitter_image_id":"","twitter_card_type":"","twitter_use_facebook":"","advanced_robots":"","pillar_content":"","seo_score":"","contentai_score":"","rich_snippet":""},"_links":{"self":[{"href":"https:\/\/dailynewshungary.com\/it\/wp-json\/wp\/v2\/posts\/736630","targetHints":{"allow":["GET"]}}],"collection":[{"href":"https:\/\/dailynewshungary.com\/it\/wp-json\/wp\/v2\/posts"}],"about":[{"href":"https:\/\/dailynewshungary.com\/it\/wp-json\/wp\/v2\/types\/post"}],"author":[{"embeddable":true,"href":"https:\/\/dailynewshungary.com\/it\/wp-json\/wp\/v2\/users\/2"}],"replies":[{"embeddable":true,"href":"https:\/\/dailynewshungary.com\/it\/wp-json\/wp\/v2\/comments?post=736630"}],"version-history":[{"count":0,"href":"https:\/\/dailynewshungary.com\/it\/wp-json\/wp\/v2\/posts\/736630\/revisions"}],"wp:featuredmedia":[{"embeddable":true,"href":"https:\/\/dailynewshungary.com\/it\/wp-json\/wp\/v2\/media\/736631"}],"wp:attachment":[{"href":"https:\/\/dailynewshungary.com\/it\/wp-json\/wp\/v2\/media?parent=736630"}],"wp:term":[{"taxonomy":"category","embeddable":true,"href":"https:\/\/dailynewshungary.com\/it\/wp-json\/wp\/v2\/categories?post=736630"},{"taxonomy":"post_tag","embeddable":true,"href":"https:\/\/dailynewshungary.com\/it\/wp-json\/wp\/v2\/tags?post=736630"}],"curies":[{"name":"wp","href":"https:\/\/api.w.org\/{rel}","templated":true}]}}