{"id":736661,"date":"2014-08-18T18:02:35","date_gmt":"2014-08-18T16:02:35","guid":{"rendered":"https:\/\/dailynewshungary.com\/it\/convulsioni-di-sigarette-durante-la-repressione\/"},"modified":"2014-08-18T18:02:35","modified_gmt":"2014-08-18T16:02:35","slug":"convulsioni-di-sigarette-durante-la-repressione","status":"publish","type":"post","link":"https:\/\/dailynewshungary.com\/it\/convulsioni-di-sigarette-durante-la-repressione\/","title":{"rendered":"Convulsioni di sigarette durante la repressione"},"content":{"rendered":"<p><strong>Budapest, 18 agosto (MTI) 1 Funzionari doganali ungheresi hanno sequestrato pi\u00f9 di 70 milioni di sigarette illegali nella prima met\u00e0 di quest&#8217;anno, pi\u00f9 o meno lo stesso numero di tutto l&#8217;anno scorso, ha detto oggi il quotidiano Magyar Nemzet.<\/strong><\/p>\n<p>Oltre alle sigarette, secondo l&#8217;Autorit\u00e0 nazionale delle imposte e delle dogane (NAV), sono state sequestrate anche 2,5 milioni di tonnellate di tabacco sfuso in foglie.<\/p>\n<p>Un portavoce dell&#8217;autorit\u00e0 ha detto al giornale che quest&#8217;anno il NAV sta reprimendo le vendite illegali di tabacco. I controlli sono stati intensificati nelle comunit\u00e0 che non dispongono di un negozio nazionale di tabacco, ha affermato Attila Suller.<\/p>\n<p>L&#8217;Ungheria ha introdotto un monopolio statale sulla vendita al dettaglio di tabacco poco pi\u00f9 di un anno fa.<\/p>\n<p><em>Foto:&nbsp;<a href=\"http:\/\/zoldpont.blog.hu\/2011\/04\/27\/a_cigaretta_csempeszes_viragkora\" data-ved=\"0CAQQjB0\" target=\"_blank\" rel=\"noopener\">zoldpont.blog.hu<\/a><\/em><\/p>\n","protected":false},"excerpt":{"rendered":"<p>Budapest, 18 agosto (MTI) 1 Funzionari doganali ungheresi hanno sequestrato pi\u00f9 di 70 milioni di sigarette illegali nella prima met\u00e0 di quest&#8217;anno, pi\u00f9 o meno lo stesso numero di tutto l&#8217;anno scorso, ha detto oggi il quotidiano Magyar Nemzet. Oltre alle sigarette, secondo l&#8217;Autorit\u00e0 nazionale delle imposte e delle dogane (NAV), sono state sequestrate anche [&hellip;]<\/p>\n","protected":false},"author":2,"featured_media":0,"comment_status":"open","ping_status":"open","sticky":false,"template":"","format":"standard","meta":{"_display_image":"","footnotes":""},"categories":[1314],"tags":[1066],"class_list":["post-736661","post","type-post","status-publish","format-standard","hentry","category-economia-in-ungheria","tag-hungary"],"blocksy_meta":[],"author_username":"alk","telegram_post":"","public_post_metadata":{"breaking_news":"","important":"","csempe":"","center_tile":"","disable_thumbnail":"","target_lang":"","_featured_image_style":"","telegram_post":"","_xlat_group_id":""},"public_rank_math_data":{"title":"%titolo% %sep% %nomesito%","description":"","focus_keyword":"","canonical_url":"","robots":"","primary_category":"1314","breadcrumb_title":"","facebook_title":"","facebook_description":"","facebook_image":"","facebook_image_id":"","twitter_title":"","twitter_description":"","twitter_image":"","twitter_image_id":"","twitter_card_type":"","twitter_use_facebook":"","advanced_robots":"","pillar_content":"","seo_score":"","contentai_score":"","rich_snippet":""},"_links":{"self":[{"href":"https:\/\/dailynewshungary.com\/it\/wp-json\/wp\/v2\/posts\/736661","targetHints":{"allow":["GET"]}}],"collection":[{"href":"https:\/\/dailynewshungary.com\/it\/wp-json\/wp\/v2\/posts"}],"about":[{"href":"https:\/\/dailynewshungary.com\/it\/wp-json\/wp\/v2\/types\/post"}],"author":[{"embeddable":true,"href":"https:\/\/dailynewshungary.com\/it\/wp-json\/wp\/v2\/users\/2"}],"replies":[{"embeddable":true,"href":"https:\/\/dailynewshungary.com\/it\/wp-json\/wp\/v2\/comments?post=736661"}],"version-history":[{"count":0,"href":"https:\/\/dailynewshungary.com\/it\/wp-json\/wp\/v2\/posts\/736661\/revisions"}],"wp:attachment":[{"href":"https:\/\/dailynewshungary.com\/it\/wp-json\/wp\/v2\/media?parent=736661"}],"wp:term":[{"taxonomy":"category","embeddable":true,"href":"https:\/\/dailynewshungary.com\/it\/wp-json\/wp\/v2\/categories?post=736661"},{"taxonomy":"post_tag","embeddable":true,"href":"https:\/\/dailynewshungary.com\/it\/wp-json\/wp\/v2\/tags?post=736661"}],"curies":[{"name":"wp","href":"https:\/\/api.w.org\/{rel}","templated":true}]}}