{"id":736682,"date":"2014-08-16T21:26:00","date_gmt":"2014-08-16T19:26:00","guid":{"rendered":"https:\/\/dailynewshungary.com\/it\/diritti-umani-primo-rapporto-attacco-contro-la-sovranita-dellungheria-dice-jobbik\/"},"modified":"2014-08-16T21:26:00","modified_gmt":"2014-08-16T19:26:00","slug":"diritti-umani-primo-rapporto-attacco-contro-la-sovranita-dellungheria-dice-jobbik","status":"publish","type":"post","link":"https:\/\/dailynewshungary.com\/it\/diritti-umani-primo-rapporto-attacco-contro-la-sovranita-dellungheria-dice-jobbik\/","title":{"rendered":"Diritti Umani Primo rapporto attacco contro la sovranit\u00e0 dell\u2019Ungheria, dice Jobbik"},"content":{"rendered":"<p><strong>Budapest, 16 agosto (MTI) 1 Rapporto recentemente pubblicato dall&#8217;organizzazione statunitense Human Rights Watch che critica la politica del governo ungherese e il partito nazionalista radicale Jobbik \u00e8 l&#8217;attacco pi\u00f9 aggressivo contro la sovranit\u00e0 dell&#8217;Ungheria finora, ha detto il vice capo del gruppo parlamentare del partito Sabato.<\/strong><\/p>\n<p>Marton Gyongyosi ha dichiarato in una conferenza stampa davanti all&#8217;ambasciata americana a Budapest che il rapporto rivela un programma preparato negli Stati Uniti sui modi per disciplinare l&#8217;Ungheria e costringerla a tornare sulla via del neoliberismo\u201d con l&#8217;aiuto dei servizi segreti, delle organizzazioni civili pagato dall\u2019estero e fonti di stampa che affermano di essere indipendenti.<\/p>\n<p>Jobbik chiede al partito al potere Fidesz e al governo di smettere di giocare e decidere se stare dalla parte di \u201cEuro-Atlantism\u201d o dalla parte di persone con sentimenti patriottici.<\/p>\n","protected":false},"excerpt":{"rendered":"<p>Budapest, 16 agosto (MTI) 1 Rapporto recentemente pubblicato dall&#8217;organizzazione statunitense Human Rights Watch che critica la politica del governo ungherese e il partito nazionalista radicale Jobbik \u00e8 l&#8217;attacco pi\u00f9 aggressivo contro la sovranit\u00e0 dell&#8217;Ungheria finora, ha detto il vice capo del gruppo parlamentare del partito Sabato. Marton Gyongyosi ha dichiarato in una conferenza stampa davanti [&hellip;]<\/p>\n","protected":false},"author":2,"featured_media":736683,"comment_status":"open","ping_status":"open","sticky":false,"template":"","format":"standard","meta":{"_display_image":"","footnotes":""},"categories":[1185],"tags":[1412],"class_list":["post-736682","post","type-post","status-publish","format-standard","has-post-thumbnail","hentry","category-politica-in-ungheria","tag-jobbik"],"blocksy_meta":[],"author_username":"alk","telegram_post":"","public_post_metadata":{"breaking_news":"","important":"","csempe":"","center_tile":"","disable_thumbnail":"","target_lang":"","_featured_image_style":"","telegram_post":"","_xlat_group_id":""},"public_rank_math_data":{"title":"%titolo% %sep% %nomesito%","description":"","focus_keyword":"","canonical_url":"","robots":"","primary_category":"1185","breadcrumb_title":"","facebook_title":"","facebook_description":"","facebook_image":"","facebook_image_id":"","twitter_title":"","twitter_description":"","twitter_image":"","twitter_image_id":"","twitter_card_type":"","twitter_use_facebook":"","advanced_robots":"","pillar_content":"","seo_score":"","contentai_score":"","rich_snippet":""},"_links":{"self":[{"href":"https:\/\/dailynewshungary.com\/it\/wp-json\/wp\/v2\/posts\/736682","targetHints":{"allow":["GET"]}}],"collection":[{"href":"https:\/\/dailynewshungary.com\/it\/wp-json\/wp\/v2\/posts"}],"about":[{"href":"https:\/\/dailynewshungary.com\/it\/wp-json\/wp\/v2\/types\/post"}],"author":[{"embeddable":true,"href":"https:\/\/dailynewshungary.com\/it\/wp-json\/wp\/v2\/users\/2"}],"replies":[{"embeddable":true,"href":"https:\/\/dailynewshungary.com\/it\/wp-json\/wp\/v2\/comments?post=736682"}],"version-history":[{"count":0,"href":"https:\/\/dailynewshungary.com\/it\/wp-json\/wp\/v2\/posts\/736682\/revisions"}],"wp:featuredmedia":[{"embeddable":true,"href":"https:\/\/dailynewshungary.com\/it\/wp-json\/wp\/v2\/media\/736683"}],"wp:attachment":[{"href":"https:\/\/dailynewshungary.com\/it\/wp-json\/wp\/v2\/media?parent=736682"}],"wp:term":[{"taxonomy":"category","embeddable":true,"href":"https:\/\/dailynewshungary.com\/it\/wp-json\/wp\/v2\/categories?post=736682"},{"taxonomy":"post_tag","embeddable":true,"href":"https:\/\/dailynewshungary.com\/it\/wp-json\/wp\/v2\/tags?post=736682"}],"curies":[{"name":"wp","href":"https:\/\/api.w.org\/{rel}","templated":true}]}}