{"id":737128,"date":"2014-07-10T16:13:41","date_gmt":"2014-07-10T14:13:41","guid":{"rendered":"https:\/\/dailynewshungary.com\/it\/jobbik-spinge-proposte-per-fermare-il-deflusso-di-ungheresi\/"},"modified":"2014-07-10T16:13:41","modified_gmt":"2014-07-10T14:13:41","slug":"jobbik-spinge-proposte-per-fermare-il-deflusso-di-ungheresi","status":"publish","type":"post","link":"https:\/\/dailynewshungary.com\/it\/jobbik-spinge-proposte-per-fermare-il-deflusso-di-ungheresi\/","title":{"rendered":"Jobbik spinge proposte per fermare il deflusso di ungheresi"},"content":{"rendered":"<p><strong>Budapest, 1 luglio (MTI) 1 Affrontare il deflusso degli ungheresi verso l&#8217;estero dovrebbe essere la massima priorit\u00e0, ma il governo non \u00e8 riuscito ad affrontare il problema, ha affermato un parlamentare di Jobbik.<\/strong><\/p>\n<p>\u00c8 deplorevole che nessun segretario di Stato sia stato nominato per gestire la questione e che il Parlamento non sia riuscito ad affrontare il problema, ha detto gioved\u00ec in conferenza stampa il vice leader del gruppo Jobbik Gergely Farkas.<\/p>\n<p>Recenti sondaggi indicano che la met\u00e0 dei giovani tra i 18 e i 39 anni sta valutando la possibilit\u00e0 di emigrare per periodi pi\u00f9 o meno lunghi, ha detto, aggiungendo che \u00e8 allarmante che gli ungheresi gi\u00e0 all&#8217;estero non abbiano intenzione di tornare.<\/p>\n<p>Farkas ha sollecitato la formazione di una commissione parlamentare ad hoc nonch\u00e9 la convocazione di una sessione parlamentare per discutere la questione Inoltre, il pubblico dovrebbe essere adeguatamente informato del problema, ha affermato.<\/p>\n<p>Il politico ha menzionato come possibili soluzioni l&#8217;edilizia sociale, la creazione di posti di lavoro reali, la politica giovanile e l&#8217;aumento delle quote per i posti finanziati dallo Stato nell&#8217;istruzione superiore.<\/p>\n<p>Jobbik presenter\u00e0 una propria serie di soluzioni prima dell&#8217;inizio della sessione autunnale del parlamento Il partito spinger\u00e0 per misure esecutive rapide per garantire che coloro che vivono in Ungheria rimangano qui, e che gli emigranti ungheresi tornino a casa, ha detto Farkas.<\/p>\n<p><em>Foto:&nbsp;<a href=\"http:\/\/www.erdon.ro\/unios-munkavallalas-die-welt-katasztrofat-okoz-az-elvandorlas-kelet-europaban-2\/2471785\" data-ved=\"0CAQQjB0\" target=\"_blank\" rel=\"noopener\">www.erdon.ro<\/a><\/em><\/p>\n","protected":false},"excerpt":{"rendered":"<p>Budapest, 1 luglio (MTI) 1 Affrontare il deflusso degli ungheresi verso l&#8217;estero dovrebbe essere la massima priorit\u00e0, ma il governo non \u00e8 riuscito ad affrontare il problema, ha affermato un parlamentare di Jobbik. \u00c8 deplorevole che nessun segretario di Stato sia stato nominato per gestire la questione e che il Parlamento non sia riuscito ad [&hellip;]<\/p>\n","protected":false},"author":2,"featured_media":737129,"comment_status":"open","ping_status":"open","sticky":false,"template":"","format":"standard","meta":{"_display_image":"","footnotes":""},"categories":[1185],"tags":[1412],"class_list":["post-737128","post","type-post","status-publish","format-standard","has-post-thumbnail","hentry","category-politica-in-ungheria","tag-jobbik"],"blocksy_meta":[],"author_username":"alk","telegram_post":"","public_post_metadata":{"breaking_news":"","important":"","csempe":"","center_tile":"","disable_thumbnail":"","target_lang":"","_featured_image_style":"","telegram_post":"","_xlat_group_id":""},"public_rank_math_data":{"title":"%titolo% %sep% %nomesito%","description":"","focus_keyword":"","canonical_url":"","robots":"","primary_category":"1185","breadcrumb_title":"","facebook_title":"","facebook_description":"","facebook_image":"","facebook_image_id":"","twitter_title":"","twitter_description":"","twitter_image":"","twitter_image_id":"","twitter_card_type":"","twitter_use_facebook":"","advanced_robots":"","pillar_content":"","seo_score":"","contentai_score":"","rich_snippet":""},"_links":{"self":[{"href":"https:\/\/dailynewshungary.com\/it\/wp-json\/wp\/v2\/posts\/737128","targetHints":{"allow":["GET"]}}],"collection":[{"href":"https:\/\/dailynewshungary.com\/it\/wp-json\/wp\/v2\/posts"}],"about":[{"href":"https:\/\/dailynewshungary.com\/it\/wp-json\/wp\/v2\/types\/post"}],"author":[{"embeddable":true,"href":"https:\/\/dailynewshungary.com\/it\/wp-json\/wp\/v2\/users\/2"}],"replies":[{"embeddable":true,"href":"https:\/\/dailynewshungary.com\/it\/wp-json\/wp\/v2\/comments?post=737128"}],"version-history":[{"count":0,"href":"https:\/\/dailynewshungary.com\/it\/wp-json\/wp\/v2\/posts\/737128\/revisions"}],"wp:featuredmedia":[{"embeddable":true,"href":"https:\/\/dailynewshungary.com\/it\/wp-json\/wp\/v2\/media\/737129"}],"wp:attachment":[{"href":"https:\/\/dailynewshungary.com\/it\/wp-json\/wp\/v2\/media?parent=737128"}],"wp:term":[{"taxonomy":"category","embeddable":true,"href":"https:\/\/dailynewshungary.com\/it\/wp-json\/wp\/v2\/categories?post=737128"},{"taxonomy":"post_tag","embeddable":true,"href":"https:\/\/dailynewshungary.com\/it\/wp-json\/wp\/v2\/tags?post=737128"}],"curies":[{"name":"wp","href":"https:\/\/api.w.org\/{rel}","templated":true}]}}