{"id":737238,"date":"2014-07-01T20:40:39","date_gmt":"2014-07-01T18:40:39","guid":{"rendered":"https:\/\/dailynewshungary.com\/it\/apre-listituto-ungherese-a-belgrado\/"},"modified":"2014-07-01T20:40:39","modified_gmt":"2014-07-01T18:40:39","slug":"apre-listituto-ungherese-a-belgrado","status":"publish","type":"post","link":"https:\/\/dailynewshungary.com\/it\/apre-listituto-ungherese-a-belgrado\/","title":{"rendered":"Apre l\u2019Istituto Ungherese a Belgrado"},"content":{"rendered":"<p><strong>Belgrado, 1 luglio (MTI) Il primo ministro Viktor Orban Nikolic, presidente della Serbia, ha aperto oggi un nuovo istituto ungherese a Belgrado.<\/strong><\/p>\n<p>In un discorso alla cerimonia, Orban ha detto che Belgrado \u00e8 la porta d&#8217;ingresso dell&#8217;Europa verso i Balcani, e l&#8217;Unione Europea non pu\u00f2 fare a meno di Serbia e Belgrado perch\u00e9 \u201cquesto sarebbe come mettere questa porta oltre la recinzione che si vuole superare.\u201d<\/p>\n<p>Ha sottolineato che il governo ungherese sostiene l&#8217;adesione della Serbia all&#8217;UE per una questione di principio e per una \u201cmoral dovere\u201d. Anche farlo \u00e8 nell&#8217;interesse dell&#8217;Ungheria, poich\u00e9 \u201cci sentiremo veramente sicuri solo se ognuno dei nostri vicini appartiene all&#8217;UE.\u201d<\/p>\n<p>Orban ha detto che si aspetta che l&#8217;istituto fornisca una sede per il dialogo tra la cultura ungherese e serba. Si \u00e8 detto felice che la cultura ungherese abbia finalmente una casa in citt\u00e0 che ha unito i popoli ungherese e serbo per secoli.<\/p>\n<p>\u201cVorremmo che ogni nazione fosse in grado di preservare la propria identit\u00e0 come parte di una cultura europea unificata,\u201d ha detto Dovrebbe essere creata un&#8217;Europa in cui ogni individuo e ogni nazione si senta a casa propria, ha aggiunto.<\/p>\n<p>Rivolgendosi all&#8217;evento, il presidente serbo ha definito il nuovo Istituto ungherese un&#8217;ulteriore prova che le due nazioni stanno sviluppando e costruendo la cooperazione bilaterale, ha detto che \u00e8 rassicurante che il dialogo tra Serbia e Ungheria negli ultimi due anni sia diventato pi\u00f9 intenso.<\/p>\n<p>Nel pomeriggio si terr\u00e0 un vertice del governo serbo-ungherese con la partecipazione di Orban, Tibor Navracsics, il ministro degli Esteri Sandor Pinter, il ministro degli Interni, Csaba Hende, il ministro della Difesa, e Miklos Sesztak, il ministro nazionale dello sviluppo.<\/p>\n<p><em>Foto: Ufficio Stampa del Primo Ministro<\/em><\/p>\n","protected":false},"excerpt":{"rendered":"<p>Belgrado, 1 luglio (MTI) Il primo ministro Viktor Orban Nikolic, presidente della Serbia, ha aperto oggi un nuovo istituto ungherese a Belgrado. In un discorso alla cerimonia, Orban ha detto che Belgrado \u00e8 la porta d&#8217;ingresso dell&#8217;Europa verso i Balcani, e l&#8217;Unione Europea non pu\u00f2 fare a meno di Serbia e Belgrado perch\u00e9 \u201cquesto sarebbe [&hellip;]<\/p>\n","protected":false},"author":2,"featured_media":737239,"comment_status":"open","ping_status":"open","sticky":false,"template":"","format":"standard","meta":{"_display_image":"","footnotes":""},"categories":[1304],"tags":[1317],"class_list":["post-737238","post","type-post","status-publish","format-standard","has-post-thumbnail","hentry","category-cultura-in-ungheria","tag-serbia"],"blocksy_meta":[],"author_username":"alk","telegram_post":"","public_post_metadata":{"breaking_news":"","important":"","csempe":"","center_tile":"","disable_thumbnail":"","target_lang":"","_featured_image_style":"","telegram_post":"","_xlat_group_id":""},"public_rank_math_data":{"title":"%titolo% %sep% %nomesito%","description":"","focus_keyword":"","canonical_url":"","robots":"","primary_category":"1304","breadcrumb_title":"","facebook_title":"","facebook_description":"","facebook_image":"","facebook_image_id":"","twitter_title":"","twitter_description":"","twitter_image":"","twitter_image_id":"","twitter_card_type":"","twitter_use_facebook":"","advanced_robots":"","pillar_content":"","seo_score":"","contentai_score":"","rich_snippet":""},"_links":{"self":[{"href":"https:\/\/dailynewshungary.com\/it\/wp-json\/wp\/v2\/posts\/737238","targetHints":{"allow":["GET"]}}],"collection":[{"href":"https:\/\/dailynewshungary.com\/it\/wp-json\/wp\/v2\/posts"}],"about":[{"href":"https:\/\/dailynewshungary.com\/it\/wp-json\/wp\/v2\/types\/post"}],"author":[{"embeddable":true,"href":"https:\/\/dailynewshungary.com\/it\/wp-json\/wp\/v2\/users\/2"}],"replies":[{"embeddable":true,"href":"https:\/\/dailynewshungary.com\/it\/wp-json\/wp\/v2\/comments?post=737238"}],"version-history":[{"count":0,"href":"https:\/\/dailynewshungary.com\/it\/wp-json\/wp\/v2\/posts\/737238\/revisions"}],"wp:featuredmedia":[{"embeddable":true,"href":"https:\/\/dailynewshungary.com\/it\/wp-json\/wp\/v2\/media\/737239"}],"wp:attachment":[{"href":"https:\/\/dailynewshungary.com\/it\/wp-json\/wp\/v2\/media?parent=737238"}],"wp:term":[{"taxonomy":"category","embeddable":true,"href":"https:\/\/dailynewshungary.com\/it\/wp-json\/wp\/v2\/categories?post=737238"},{"taxonomy":"post_tag","embeddable":true,"href":"https:\/\/dailynewshungary.com\/it\/wp-json\/wp\/v2\/tags?post=737238"}],"curies":[{"name":"wp","href":"https:\/\/api.w.org\/{rel}","templated":true}]}}