{"id":737274,"date":"2014-06-28T15:48:35","date_gmt":"2014-06-28T13:48:35","guid":{"rendered":"https:\/\/dailynewshungary.com\/it\/ungheria-austria-e-slovacchia-celebrano-il-25-anniversario-della-caduta-della-cortina-di-ferro\/"},"modified":"2014-06-28T15:48:35","modified_gmt":"2014-06-28T13:48:35","slug":"ungheria-austria-e-slovacchia-celebrano-il-25-anniversario-della-caduta-della-cortina-di-ferro","status":"publish","type":"post","link":"https:\/\/dailynewshungary.com\/it\/ungheria-austria-e-slovacchia-celebrano-il-25-anniversario-della-caduta-della-cortina-di-ferro\/","title":{"rendered":"Ungheria, Austria e Slovacchia celebrano il 25\u00b0 anniversario della caduta della cortina di ferro"},"content":{"rendered":"<p><strong style=\"font-size: 14px; line-height: 1.5em;\">(MTI) Sebastian Kurz, il ministro degli Esteri austriaco Miroslav Lajcak, il ministro degli Esteri slovacco e segretario di Stato per gli affari esteri e il commercio Peter Szijjarto, sono intervenuti venerd\u00ec alle celebrazioni del 25\u00b0 anniversario dello smantellamento della cortina di ferro a Sopron, nel nord-ovest dell&#8217;Ungheria.<\/strong><\/p>\n<p><a href=\"https:\/\/dailynewshungary.com\/wp-content\/uploads\/2014\/06\/iron-wall-2.jpg\" data-pswp-width=\"\" data-pswp-height=\"\" data-cropped=\"true\"><img loading=\"lazy\" decoding=\"async\" class=\" wp-image-8769 alignleft\" alt=\"muro di ferro-2\" src=\"https:\/\/dailynewshungary.com\/wp-content\/uploads\/2014\/06\/iron-wall-2-300x224.jpg\" width=\"240\" height=\"179\" srcset=\"https:\/\/contentf5.dailynewshungary.com\/wp-content\/uploads\/2014\/06\/iron-wall-2-300x224.jpg 300w, https:\/\/contentf5.dailynewshungary.com\/wp-content\/uploads\/2014\/06\/iron-wall-2-106x80.jpg 106w, https:\/\/contentf5.dailynewshungary.com\/wp-content\/uploads\/2014\/06\/iron-wall-2-200x150.jpg 200w, https:\/\/contentf5.dailynewshungary.com\/wp-content\/uploads\/2014\/06\/iron-wall-2.jpg 600w\" sizes=\"auto, (max-width: 240px) 100vw, 240px\"><\/a>Szijjarto ha affermato che il mantenimento dei popoli che combattono la libert\u00e0 nel cuore dell\u2019Europa ha portato alla caduta delle dittature comuniste e ha aperto la strada alla riunificazione del continente.<\/p>\n<p>\u201cSe i centroeuropei non avessero combattuto ardentemente contro il comunismo, oggi non ci sarebbe un&#8217;Europa unificata, ha detto il\u201d Szijjarto in un raduno vicino al confine dell&#8217;Ungheria con l&#8217;Austria.<\/p>\n<p><span style=\"font-size: 14px; line-height: 1.5em;\">Kurz ha detto che le giovani generazioni possono solo immaginare come fosse la vita prima della cortina di ferro e dello smantellamento del muro di Berlino \u00c8 importante ricordare l&#8217;evento storico che ha portato la libert\u00e0 per l&#8217;Europa e la possibilit\u00e0 di una pi\u00f9 stretta cooperazione per i suoi paesi, ha detto.<\/span><\/p>\n<p>Lajcak ha affermato che gli eventi al confine ungherese-austriaco 25 anni fa portavano il messaggio di libert\u00e0 e democrazia. Libert\u00e0 significa la possibilit\u00e0 di viaggiare e studiare e di stringere legami economici reciprocamente vantaggiosi, ha affermato.<\/p>\n<p>Al termine della commemorazione i tre politici hanno firmato una dichiarazione congiunta in cui sostengono un&#8217;Europa unificata, secondo i valori e le libert\u00e0 europee.<\/p>\n<p>Il 27 giugno 1989, in quello che \u00e8 diventato un evento storico, il ministro degli Esteri ungherese Gyula Horn e il suo omologo austriaco, Alois Mock aprirono il confine sigillato tagliando simbolicamente la recinzione di filo spinato Durante l&#8217;estate, diverse migliaia di tedeschi dell&#8217;est fuggirono in Occidente attraverso l&#8217;Ungheria.<\/p>\n<p><em>Foto: MTI Noemi Bruzak<\/em><\/p>\n","protected":false},"excerpt":{"rendered":"<p>(MTI) Sebastian Kurz, il ministro degli Esteri austriaco Miroslav Lajcak, il ministro degli Esteri slovacco e segretario di Stato per gli affari esteri e il commercio Peter Szijjarto, sono intervenuti venerd\u00ec alle celebrazioni del 25\u00b0 anniversario dello smantellamento della cortina di ferro a Sopron, nel nord-ovest dell&#8217;Ungheria. Szijjarto ha affermato che il mantenimento dei popoli [&hellip;]<\/p>\n","protected":false},"author":2,"featured_media":737275,"comment_status":"open","ping_status":"open","sticky":false,"template":"","format":"standard","meta":{"_display_image":"","footnotes":""},"categories":[1185],"tags":[1092,1223],"class_list":["post-737274","post","type-post","status-publish","format-standard","has-post-thumbnail","hentry","category-politica-in-ungheria","tag-ministero-degli-affari-esteri-dellungheria","tag-storia"],"blocksy_meta":[],"author_username":"alk","telegram_post":"","public_post_metadata":{"breaking_news":"","important":"","csempe":"","center_tile":"","disable_thumbnail":"","target_lang":"","_featured_image_style":"","telegram_post":"","_xlat_group_id":""},"public_rank_math_data":{"title":"%titolo% %sep% %nomesito%","description":"","focus_keyword":"","canonical_url":"","robots":"","primary_category":"1185","breadcrumb_title":"","facebook_title":"","facebook_description":"","facebook_image":"","facebook_image_id":"","twitter_title":"","twitter_description":"","twitter_image":"","twitter_image_id":"","twitter_card_type":"","twitter_use_facebook":"","advanced_robots":"","pillar_content":"","seo_score":"","contentai_score":"","rich_snippet":""},"_links":{"self":[{"href":"https:\/\/dailynewshungary.com\/it\/wp-json\/wp\/v2\/posts\/737274","targetHints":{"allow":["GET"]}}],"collection":[{"href":"https:\/\/dailynewshungary.com\/it\/wp-json\/wp\/v2\/posts"}],"about":[{"href":"https:\/\/dailynewshungary.com\/it\/wp-json\/wp\/v2\/types\/post"}],"author":[{"embeddable":true,"href":"https:\/\/dailynewshungary.com\/it\/wp-json\/wp\/v2\/users\/2"}],"replies":[{"embeddable":true,"href":"https:\/\/dailynewshungary.com\/it\/wp-json\/wp\/v2\/comments?post=737274"}],"version-history":[{"count":0,"href":"https:\/\/dailynewshungary.com\/it\/wp-json\/wp\/v2\/posts\/737274\/revisions"}],"wp:featuredmedia":[{"embeddable":true,"href":"https:\/\/dailynewshungary.com\/it\/wp-json\/wp\/v2\/media\/737275"}],"wp:attachment":[{"href":"https:\/\/dailynewshungary.com\/it\/wp-json\/wp\/v2\/media?parent=737274"}],"wp:term":[{"taxonomy":"category","embeddable":true,"href":"https:\/\/dailynewshungary.com\/it\/wp-json\/wp\/v2\/categories?post=737274"},{"taxonomy":"post_tag","embeddable":true,"href":"https:\/\/dailynewshungary.com\/it\/wp-json\/wp\/v2\/tags?post=737274"}],"curies":[{"name":"wp","href":"https:\/\/api.w.org\/{rel}","templated":true}]}}