{"id":737330,"date":"2014-06-24T08:04:31","date_gmt":"2014-06-24T06:04:31","guid":{"rendered":"https:\/\/dailynewshungary.com\/it\/e-day-in-ungheria-la-celebrazione-della-lingua-spagnola\/"},"modified":"2014-06-24T08:04:31","modified_gmt":"2014-06-24T06:04:31","slug":"e-day-in-ungheria-la-celebrazione-della-lingua-spagnola","status":"publish","type":"post","link":"https:\/\/dailynewshungary.com\/it\/e-day-in-ungheria-la-celebrazione-della-lingua-spagnola\/","title":{"rendered":"E Day In Ungheria, La celebrazione della lingua spagnola"},"content":{"rendered":"<p><strong>L&#8217;Istituto Cervantes \u00e8 la pi\u00f9 grande organizzazione al mondo incaricata di promuovere lo studio e l&#8217;insegnamento della lingua e della cultura spagnola Il suo centro a Budapest \u00e8 stato inaugurato dieci anni fa da Felipe VI, il nuovo Re di Spagna e da sua moglie, la Regina Letizia.<\/strong><\/p>\n<p>Lo spagnolo \u00e8 la seconda lingua al mondo per numero di madrelingua e la seconda lingua della comunicazione internazionale: lo parlano pi\u00f9 di 500 milioni di persone.<\/p>\n<p>Nell&#8217;Istituto Cervantes di Budapest il 21 giugno si \u00e8 celebrato l&#8217;E Day\u201d, un giorno aperto per tutti coloro che parlano spagnolo. Al pubblico \u00e8 stata dedicata una vasta gamma di attivit\u00e0 come mostre di libri, lezioni gratuite di spagnolo, ricette latinoamericane, degustazioni di vini e attivit\u00e0 per bambini.<\/p>\n<p>Quel giorno tutti i centri dell&#8217;Istituto di 43 paesi hanno aperto le porte per una celebrazione mondiale della lingua che li collega<\/p>\n<p><em>di Kincso<\/em><\/p>\n","protected":false},"excerpt":{"rendered":"<p>L&#8217;Istituto Cervantes \u00e8 la pi\u00f9 grande organizzazione al mondo incaricata di promuovere lo studio e l&#8217;insegnamento della lingua e della cultura spagnola Il suo centro a Budapest \u00e8 stato inaugurato dieci anni fa da Felipe VI, il nuovo Re di Spagna e da sua moglie, la Regina Letizia. Lo spagnolo \u00e8 la seconda lingua al [&hellip;]<\/p>\n","protected":false},"author":2,"featured_media":737331,"comment_status":"open","ping_status":"open","sticky":false,"template":"","format":"standard","meta":{"_display_image":"","footnotes":""},"categories":[1304],"tags":[1413],"class_list":["post-737330","post","type-post","status-publish","format-standard","has-post-thumbnail","hentry","category-cultura-in-ungheria","tag-lingua"],"blocksy_meta":[],"author_username":"alk","telegram_post":"","public_post_metadata":{"breaking_news":"","important":"","csempe":"","center_tile":"","disable_thumbnail":"","target_lang":"","_featured_image_style":"","telegram_post":"","_xlat_group_id":""},"public_rank_math_data":{"title":"%titolo% %sep% %nomesito%","description":"","focus_keyword":"","canonical_url":"","robots":"","primary_category":"1304","breadcrumb_title":"","facebook_title":"","facebook_description":"","facebook_image":"","facebook_image_id":"","twitter_title":"","twitter_description":"","twitter_image":"","twitter_image_id":"","twitter_card_type":"","twitter_use_facebook":"","advanced_robots":"","pillar_content":"","seo_score":"","contentai_score":"","rich_snippet":""},"_links":{"self":[{"href":"https:\/\/dailynewshungary.com\/it\/wp-json\/wp\/v2\/posts\/737330","targetHints":{"allow":["GET"]}}],"collection":[{"href":"https:\/\/dailynewshungary.com\/it\/wp-json\/wp\/v2\/posts"}],"about":[{"href":"https:\/\/dailynewshungary.com\/it\/wp-json\/wp\/v2\/types\/post"}],"author":[{"embeddable":true,"href":"https:\/\/dailynewshungary.com\/it\/wp-json\/wp\/v2\/users\/2"}],"replies":[{"embeddable":true,"href":"https:\/\/dailynewshungary.com\/it\/wp-json\/wp\/v2\/comments?post=737330"}],"version-history":[{"count":0,"href":"https:\/\/dailynewshungary.com\/it\/wp-json\/wp\/v2\/posts\/737330\/revisions"}],"wp:featuredmedia":[{"embeddable":true,"href":"https:\/\/dailynewshungary.com\/it\/wp-json\/wp\/v2\/media\/737331"}],"wp:attachment":[{"href":"https:\/\/dailynewshungary.com\/it\/wp-json\/wp\/v2\/media?parent=737330"}],"wp:term":[{"taxonomy":"category","embeddable":true,"href":"https:\/\/dailynewshungary.com\/it\/wp-json\/wp\/v2\/categories?post=737330"},{"taxonomy":"post_tag","embeddable":true,"href":"https:\/\/dailynewshungary.com\/it\/wp-json\/wp\/v2\/tags?post=737330"}],"curies":[{"name":"wp","href":"https:\/\/api.w.org\/{rel}","templated":true}]}}