{"id":737342,"date":"2014-06-23T10:07:55","date_gmt":"2014-06-23T08:07:55","guid":{"rendered":"https:\/\/dailynewshungary.com\/it\/flash-mob-ungherese-a-times-square-video\/"},"modified":"2014-06-23T10:07:55","modified_gmt":"2014-06-23T08:07:55","slug":"flash-mob-ungherese-a-times-square-video","status":"publish","type":"post","link":"https:\/\/dailynewshungary.com\/it\/flash-mob-ungherese-a-times-square-video\/","title":{"rendered":"Flash Mob ungherese a Times Square VIDEO"},"content":{"rendered":"<p><strong style=\"font-size: 14px; line-height: 1.5em;\">Un gruppo di ballerini e musicisti ungheresi chiamato Steps For Culture, che opera nell&#8217;ambito della Hencida Folk Art Association, ha organizzato un flash mob a Times Square a New York il 4 giugno.<\/strong><\/p>\n<p>Lo scopo di Steps for Culture Team \u00e8 quello di dare una spinta culturale alle comunit\u00e0 ungheresi americane Molti cittadini ungheresi di New York hanno partecipato alla performance che si \u00e8 svolta tra la 44th Street e la 7th Avenue Artisti folk professionali e volontari entusiasti hanno ballato insieme alla musica folk ungherese e stavano attirando i passanti cos\u00ec lo spettacolo \u00e8 stato registrato da molti turisti Gli commossi organizzatori dell&#8217;evento sono tornati grazie per la partecipazione e per aver reso speciale quell&#8217;evento.<\/p>\n<p><iframe loading=\"lazy\" src=\"\/\/www.youtube.com\/embed\/DZg_QKu6jXw\" width=\"480\" height=\"360\" frameborder=\"0\" allowfullscreen=\"allowfullscreen\"><\/iframe><\/p>\n<p><em>basato sull&#8217;articolo di szeretlekmagyarorszag.hu<\/em><br \/>\n<em>tradotto da Kincso<\/em><\/p>\n<p><em>Foto: YouTube<\/em><\/p>\n","protected":false},"excerpt":{"rendered":"<p>Un gruppo di ballerini e musicisti ungheresi chiamato Steps For Culture, che opera nell&#8217;ambito della Hencida Folk Art Association, ha organizzato un flash mob a Times Square a New York il 4 giugno. Lo scopo di Steps for Culture Team \u00e8 quello di dare una spinta culturale alle comunit\u00e0 ungheresi americane Molti cittadini ungheresi di [&hellip;]<\/p>\n","protected":false},"author":2,"featured_media":737343,"comment_status":"open","ping_status":"open","sticky":false,"template":"","format":"standard","meta":{"_display_image":"","footnotes":""},"categories":[1207],"tags":[1111,1124],"class_list":["post-737342","post","type-post","status-publish","format-standard","has-post-thumbnail","hentry","category-societa-in-ungheria","tag-stati-uniti","tag-video"],"blocksy_meta":[],"author_username":"alk","telegram_post":"","public_post_metadata":{"breaking_news":"","important":"","csempe":"","center_tile":"","disable_thumbnail":"","target_lang":"","_featured_image_style":"","telegram_post":"","_xlat_group_id":""},"public_rank_math_data":{"title":"%titolo% %sep% %nomesito%","description":"","focus_keyword":"","canonical_url":"","robots":"","primary_category":"1207","breadcrumb_title":"","facebook_title":"","facebook_description":"","facebook_image":"","facebook_image_id":"","twitter_title":"","twitter_description":"","twitter_image":"","twitter_image_id":"","twitter_card_type":"","twitter_use_facebook":"","advanced_robots":"","pillar_content":"","seo_score":"","contentai_score":"","rich_snippet":""},"_links":{"self":[{"href":"https:\/\/dailynewshungary.com\/it\/wp-json\/wp\/v2\/posts\/737342","targetHints":{"allow":["GET"]}}],"collection":[{"href":"https:\/\/dailynewshungary.com\/it\/wp-json\/wp\/v2\/posts"}],"about":[{"href":"https:\/\/dailynewshungary.com\/it\/wp-json\/wp\/v2\/types\/post"}],"author":[{"embeddable":true,"href":"https:\/\/dailynewshungary.com\/it\/wp-json\/wp\/v2\/users\/2"}],"replies":[{"embeddable":true,"href":"https:\/\/dailynewshungary.com\/it\/wp-json\/wp\/v2\/comments?post=737342"}],"version-history":[{"count":0,"href":"https:\/\/dailynewshungary.com\/it\/wp-json\/wp\/v2\/posts\/737342\/revisions"}],"wp:featuredmedia":[{"embeddable":true,"href":"https:\/\/dailynewshungary.com\/it\/wp-json\/wp\/v2\/media\/737343"}],"wp:attachment":[{"href":"https:\/\/dailynewshungary.com\/it\/wp-json\/wp\/v2\/media?parent=737342"}],"wp:term":[{"taxonomy":"category","embeddable":true,"href":"https:\/\/dailynewshungary.com\/it\/wp-json\/wp\/v2\/categories?post=737342"},{"taxonomy":"post_tag","embeddable":true,"href":"https:\/\/dailynewshungary.com\/it\/wp-json\/wp\/v2\/tags?post=737342"}],"curies":[{"name":"wp","href":"https:\/\/api.w.org\/{rel}","templated":true}]}}