{"id":737352,"date":"2014-06-22T13:32:21","date_gmt":"2014-06-22T11:32:21","guid":{"rendered":"https:\/\/dailynewshungary.com\/it\/celebrazione-delle-giornate-equestri-di-hortobagy-in-questo-fine-settimana\/"},"modified":"2014-06-22T13:32:21","modified_gmt":"2014-06-22T11:32:21","slug":"celebrazione-delle-giornate-equestri-di-hortobagy-in-questo-fine-settimana","status":"publish","type":"post","link":"https:\/\/dailynewshungary.com\/it\/celebrazione-delle-giornate-equestri-di-hortobagy-in-questo-fine-settimana\/","title":{"rendered":"Celebrazione delle giornate equestri di Hortob\u00e1gy in questo fine settimana"},"content":{"rendered":"<p><strong><span style=\"font-size: 14px; line-height: 1.5em;\">(MTI) Circa quattrocento cavalieri provenienti dall&#8217;Ungheria e dai territori perduti sono arrivati sabato la celebrazione delle Giornate equestri di Hortob\u00e1gy di quest&#8217;anno.<\/span><\/strong><\/p>\n<p>I partecipanti sono stati accolti dal vice-Relatore del Parlamento ungherese S\u00e1ndor Lezs\u00e1k che dopo aver ricevuto una bandiera Sz\u00e9kely da una delegazione di Cs\u00edksomly\u00f3 ha osservato che lascia che questa bandiera simboleggi l&#8217;unit\u00e0 degli ungheresi nel bacino dei Carpazi. <a href=\"https:\/\/dailynewshungary.com\/wp-content\/uploads\/2014\/06\/horto.jpg\" data-pswp-width=\"\" data-pswp-height=\"\" data-cropped=\"true\"><img loading=\"lazy\" decoding=\"async\" class=\"size-full wp-image-8618 aligncenter\" alt=\"horto\" src=\"https:\/\/dailynewshungary.com\/wp-content\/uploads\/2014\/06\/horto.jpg\" width=\"600\" height=\"400\" srcset=\"https:\/\/contentf5.dailynewshungary.com\/wp-content\/uploads\/2014\/06\/horto.jpg 600w, https:\/\/contentf5.dailynewshungary.com\/wp-content\/uploads\/2014\/06\/horto-300x200.jpg 300w\" sizes=\"auto, (max-width: 600px) 100vw, 600px\"><\/a> I cavalieri della Cs\u00edksomly\u00f3 sono stati in viaggio negli ultimi giorni percorrendo il viaggio di 800 miglia; ma molti altri cavalieri sono arrivati da 400 a 450 chilometri agli Hortob\u00e1gy Equestrian Days, hanno detto gli organizzatori. <em>MTI News tradotto da unghereseambiance.com<\/em> <em>Foto: MTI \u2013 Sandor Ujvari<\/em><\/p>\n","protected":false},"excerpt":{"rendered":"<p>(MTI) Circa quattrocento cavalieri provenienti dall&#8217;Ungheria e dai territori perduti sono arrivati sabato la celebrazione delle Giornate equestri di Hortob\u00e1gy di quest&#8217;anno. I partecipanti sono stati accolti dal vice-Relatore del Parlamento ungherese S\u00e1ndor Lezs\u00e1k che dopo aver ricevuto una bandiera Sz\u00e9kely da una delegazione di Cs\u00edksomly\u00f3 ha osservato che lascia che questa bandiera simboleggi l&#8217;unit\u00e0 [&hellip;]<\/p>\n","protected":false},"author":2,"featured_media":737353,"comment_status":"open","ping_status":"open","sticky":false,"template":"","format":"standard","meta":{"_display_image":"","footnotes":""},"categories":[1304],"tags":[1223],"class_list":["post-737352","post","type-post","status-publish","format-standard","has-post-thumbnail","hentry","category-cultura-in-ungheria","tag-storia"],"blocksy_meta":[],"author_username":"alk","telegram_post":"","public_post_metadata":{"breaking_news":"","important":"","csempe":"","center_tile":"","disable_thumbnail":"","target_lang":"","_featured_image_style":"","telegram_post":"","_xlat_group_id":""},"public_rank_math_data":{"title":"%titolo% %sep% %nomesito%","description":"","focus_keyword":"","canonical_url":"","robots":"","primary_category":"1304","breadcrumb_title":"","facebook_title":"","facebook_description":"","facebook_image":"","facebook_image_id":"","twitter_title":"","twitter_description":"","twitter_image":"","twitter_image_id":"","twitter_card_type":"","twitter_use_facebook":"","advanced_robots":"","pillar_content":"","seo_score":"","contentai_score":"","rich_snippet":""},"_links":{"self":[{"href":"https:\/\/dailynewshungary.com\/it\/wp-json\/wp\/v2\/posts\/737352","targetHints":{"allow":["GET"]}}],"collection":[{"href":"https:\/\/dailynewshungary.com\/it\/wp-json\/wp\/v2\/posts"}],"about":[{"href":"https:\/\/dailynewshungary.com\/it\/wp-json\/wp\/v2\/types\/post"}],"author":[{"embeddable":true,"href":"https:\/\/dailynewshungary.com\/it\/wp-json\/wp\/v2\/users\/2"}],"replies":[{"embeddable":true,"href":"https:\/\/dailynewshungary.com\/it\/wp-json\/wp\/v2\/comments?post=737352"}],"version-history":[{"count":0,"href":"https:\/\/dailynewshungary.com\/it\/wp-json\/wp\/v2\/posts\/737352\/revisions"}],"wp:featuredmedia":[{"embeddable":true,"href":"https:\/\/dailynewshungary.com\/it\/wp-json\/wp\/v2\/media\/737353"}],"wp:attachment":[{"href":"https:\/\/dailynewshungary.com\/it\/wp-json\/wp\/v2\/media?parent=737352"}],"wp:term":[{"taxonomy":"category","embeddable":true,"href":"https:\/\/dailynewshungary.com\/it\/wp-json\/wp\/v2\/categories?post=737352"},{"taxonomy":"post_tag","embeddable":true,"href":"https:\/\/dailynewshungary.com\/it\/wp-json\/wp\/v2\/tags?post=737352"}],"curies":[{"name":"wp","href":"https:\/\/api.w.org\/{rel}","templated":true}]}}