{"id":737370,"date":"2014-06-20T18:56:07","date_gmt":"2014-06-20T16:56:07","guid":{"rendered":"https:\/\/dailynewshungary.com\/it\/i-radicali-sollecitano-il-richiamo-dello-stato-secy-tasnadi\/"},"modified":"2014-06-20T18:56:07","modified_gmt":"2014-06-20T16:56:07","slug":"i-radicali-sollecitano-il-richiamo-dello-stato-secy-tasnadi","status":"publish","type":"post","link":"https:\/\/dailynewshungary.com\/it\/i-radicali-sollecitano-il-richiamo-dello-stato-secy-tasnadi\/","title":{"rendered":"I radicali sollecitano il richiamo dello stato Secy Tasnadi"},"content":{"rendered":"<p><strong>Budapest, 2 giugno (MTI) 2 Venerd\u00ec il nazionalista radicale Jobbik ha sollecitato il richiamo del segretario di stato per le forze dell&#8217;ordine presso il ministero dell&#8217;Interno citando il suo presunto ruolo di agente segreto prima e durante la transizione dell&#8217;Ungheria verso la democrazia.<\/strong><\/p>\n<p>Il sito di notizie hvg.hu gioved\u00ec ha riferito che Laszlo Tasnadi aveva operato come agente presso il dipartimento di sicurezza dello stato III\/II del Ministero degli Interni.<\/p>\n<p>Il vice capo di Jobbik, Elod Novak, ha affermato nella dichiarazione del partito che l&#8217;impiego di un funzionario \u201cComunista con un passato di sicurezza statale equivale a trascinare il cambio di regime attraverso la mire\u201d.<\/p>\n<p>Novak ha detto che il partito si \u00e8 rivolto al presidente Janos Ader chiedendogli se avesse qualche conoscenza precedente del passato di Tasnadi.<\/p>\n<p><a href=\"https:\/\/dailynewshungary.com\/wp-content\/uploads\/2014\/06\/tasnadi.jpg\" data-pswp-width=\"\" data-pswp-height=\"\" data-cropped=\"true\"><img loading=\"lazy\" decoding=\"async\" class=\" wp-image-8588 alignleft\" alt=\"tasnadi\" src=\"https:\/\/dailynewshungary.com\/wp-content\/uploads\/2014\/06\/tasnadi-199x300.jpg\" width=\"143\" height=\"216\" srcset=\"https:\/\/contentf5.dailynewshungary.com\/wp-content\/uploads\/2014\/06\/tasnadi-199x300.jpg 199w, https:\/\/contentf5.dailynewshungary.com\/wp-content\/uploads\/2014\/06\/tasnadi.jpg 399w\" sizes=\"auto, (max-width: 143px) 100vw, 143px\"><\/a>Tasnadi ha dichiarato in una conferenza stampa venerd\u00ec pomeriggio di non aver informato nessuno a meno che non fossero stati sospettati di spionaggio o terrorismo prima del 1989.<\/p>\n<p>\u201cI non si dimetter\u00e0 perch\u00e9 non c&#8217;\u00e8 motivo, ha detto\u201d Tasnadi, e ha insistito sul fatto che tutta la sua carriera \u00e8 stata trasparente, ha detto che all&#8217;epoca aveva lavorato per il controspionaggio, che \u00e8 entrato a far parte dell&#8217;Ufficio per la sicurezza nazionale dopo il cambio di regime Ha menzionato di aver lavorato come capo di gabinetto del ministro degli Interni Sandor Pinter nel precedente ciclo di governo, e ha detto che sia Pinter che il primo ministro Viktor Orban avevano familiarit\u00e0 con la sua carriera.<\/p>\n<p>Weekly HVG ha fatto riferimento a un precedente rapporto secondo cui Tasnadi aveva collaborato con altri agenti in occasione della nuova sepoltura del primo ministro martire Imre Nagy nel 1989. Il segretario di stato ha negato le accuse nella sua conferenza stampa.<\/p>\n<p><a href=\"https:\/\/dailynewshungary.com\/wp-content\/uploads\/2014\/06\/novak-jobbik-2.jpg\" data-pswp-width=\"\" data-pswp-height=\"\" data-cropped=\"true\"><img loading=\"lazy\" decoding=\"async\" class=\"size-full wp-image-8586 aligncenter\" alt=\"novak-jobbik-2\" src=\"https:\/\/dailynewshungary.com\/wp-content\/uploads\/2014\/06\/novak-jobbik-2.jpg\" width=\"600\" height=\"399\" srcset=\"https:\/\/contentf5.dailynewshungary.com\/wp-content\/uploads\/2014\/06\/novak-jobbik-2.jpg 600w, https:\/\/contentf5.dailynewshungary.com\/wp-content\/uploads\/2014\/06\/novak-jobbik-2-300x200.jpg 300w\" sizes=\"auto, (max-width: 600px) 100vw, 600px\"><\/a><\/p>\n<p>L&#8217;E-PM dell&#8217;opposizione ha anche chiesto la revoca della nomina di Tasnadi. Il partito ha invitato il parlamento a discutere una proposta presentata a maggio che, secondo E-PM, potrebbe risolvere la questione del passato di sicurezza dello Stato. Il comunicato si riferiva a notizie di stampa secondo le quali il dipartimento per cui Tasnadi aveva lavorato era specializzato nello spionaggio di individui e diplomatici coinvolti nelle questioni ecclesiastiche, giovanili e culturali.<\/p>\n<p>L&#8217;opposizione LMP ha chiesto alla Commissione sulla Memoria Nazionale di pubblicare senza indugio i nomi di tutti gli ex funzionari della sicurezza dello Stato in posizioni pubbliche durante gli ultimi due decenni Il leader del partito Andras Schiffer ha detto a MTI che rimuovere Tasnadi dal governo era il minimo che si dovesse fare\u201d Ha aggiunto che \u00e8 stato vergognoso che nel momento in cui il primo ministro Viktor Orban \u00e8 \u201cboasting about\u201d il suo discorso pronunciato in Piazza Eroi 25 anni fa alla sepoltura del martire PM Imre Nagy, un uomo che avrebbe potuto riferire su Orban e l&#8217;opposizione del tempo pu\u00f2 riempire il posto di segretario di stato.<\/p>\n<p><em>Foto: MTI \u2013 Tamas Kovacs<\/em><\/p>\n","protected":false},"excerpt":{"rendered":"<p>Budapest, 2 giugno (MTI) 2 Venerd\u00ec il nazionalista radicale Jobbik ha sollecitato il richiamo del segretario di stato per le forze dell&#8217;ordine presso il ministero dell&#8217;Interno citando il suo presunto ruolo di agente segreto prima e durante la transizione dell&#8217;Ungheria verso la democrazia. Il sito di notizie hvg.hu gioved\u00ec ha riferito che Laszlo Tasnadi aveva [&hellip;]<\/p>\n","protected":false},"author":2,"featured_media":737371,"comment_status":"open","ping_status":"open","sticky":false,"template":"","format":"standard","meta":{"_display_image":"","footnotes":""},"categories":[1185],"tags":[1412,1223],"class_list":["post-737370","post","type-post","status-publish","format-standard","has-post-thumbnail","hentry","category-politica-in-ungheria","tag-jobbik","tag-storia"],"blocksy_meta":[],"author_username":"alk","telegram_post":"","public_post_metadata":{"breaking_news":"","important":"","csempe":"","center_tile":"","disable_thumbnail":"","target_lang":"","_featured_image_style":"","telegram_post":"","_xlat_group_id":""},"public_rank_math_data":{"title":"%titolo% %sep% %nomesito%","description":"","focus_keyword":"","canonical_url":"","robots":"","primary_category":"1185","breadcrumb_title":"","facebook_title":"","facebook_description":"","facebook_image":"","facebook_image_id":"","twitter_title":"","twitter_description":"","twitter_image":"","twitter_image_id":"","twitter_card_type":"","twitter_use_facebook":"","advanced_robots":"","pillar_content":"","seo_score":"","contentai_score":"","rich_snippet":""},"_links":{"self":[{"href":"https:\/\/dailynewshungary.com\/it\/wp-json\/wp\/v2\/posts\/737370","targetHints":{"allow":["GET"]}}],"collection":[{"href":"https:\/\/dailynewshungary.com\/it\/wp-json\/wp\/v2\/posts"}],"about":[{"href":"https:\/\/dailynewshungary.com\/it\/wp-json\/wp\/v2\/types\/post"}],"author":[{"embeddable":true,"href":"https:\/\/dailynewshungary.com\/it\/wp-json\/wp\/v2\/users\/2"}],"replies":[{"embeddable":true,"href":"https:\/\/dailynewshungary.com\/it\/wp-json\/wp\/v2\/comments?post=737370"}],"version-history":[{"count":0,"href":"https:\/\/dailynewshungary.com\/it\/wp-json\/wp\/v2\/posts\/737370\/revisions"}],"wp:featuredmedia":[{"embeddable":true,"href":"https:\/\/dailynewshungary.com\/it\/wp-json\/wp\/v2\/media\/737371"}],"wp:attachment":[{"href":"https:\/\/dailynewshungary.com\/it\/wp-json\/wp\/v2\/media?parent=737370"}],"wp:term":[{"taxonomy":"category","embeddable":true,"href":"https:\/\/dailynewshungary.com\/it\/wp-json\/wp\/v2\/categories?post=737370"},{"taxonomy":"post_tag","embeddable":true,"href":"https:\/\/dailynewshungary.com\/it\/wp-json\/wp\/v2\/tags?post=737370"}],"curies":[{"name":"wp","href":"https:\/\/api.w.org\/{rel}","templated":true}]}}