{"id":737448,"date":"2014-06-15T12:05:11","date_gmt":"2014-06-15T10:05:11","guid":{"rendered":"https:\/\/dailynewshungary.com\/it\/inaugurazione-del-busto-di-abai-kunanbaev-nel-parco-cittadino\/"},"modified":"2014-06-15T12:05:11","modified_gmt":"2014-06-15T10:05:11","slug":"inaugurazione-del-busto-di-abai-kunanbaev-nel-parco-cittadino","status":"publish","type":"post","link":"https:\/\/dailynewshungary.com\/it\/inaugurazione-del-busto-di-abai-kunanbaev-nel-parco-cittadino\/","title":{"rendered":"Inaugurazione del busto di Abai Kunanbaev nel parco cittadino"},"content":{"rendered":"<p><span style=\"font-size: 14px; line-height: 1.5em;\"><\/span><strong style=\"font-size: 14px; line-height: 1.5em;\">La cerimonia di inaugurazione del busto, commemorativa del poeta e compositore kazako Abai Kunanbaev, si \u00e8 svolta il 2 giugno nel Parco della Citt\u00e0 Il vicesindaco Mikl\u00f3s Csom\u00f3s ha tenuto un discorso durante la cerimonia, nell&#8217;ambito del quale una parte del viale V\u00e1rosligeti \u00e8 stata chiamata strada Astana, riferisce budapest.hu.<\/strong><\/p>\n<p>Il sito ufficiale di Budapest ha detto, come risultato delle eccellenti relazioni ungherese-kazake, \u00e8 stata sollevata un&#8217;offerta per erigere una statua, che \u00e8 stata collocata nel Parco della Citt\u00e0 come \u201cdono della nazione kazaka\u201d, ha detto Mikl\u00f3s Csom\u00f3s. \u201cSono convinto che questa statua rafforzer\u00e0 ulteriormente le relazioni delle due nazioni\u201d, ha aggiunto il Vicesindaco per l&#8217;Istruzione e la Cultura.<\/p>\n<p>Secondo budapest.hu, il 30 aprile 2014 l&#8217;Assemblea Generale di Budapest ha deciso di erigere una statua in onore di Abai Kunanbaev. Il poeta, compositore e artista \u00e8 stato uno dei fondatori della letteratura e della lingua kazaka, ha ied 110 anni fa nel 1904.<\/p>\n<p><em>Foto: M.ihaly Majtenyi (M.o.) budapest.hu<\/em><\/p>\n","protected":false},"excerpt":{"rendered":"<p>La cerimonia di inaugurazione del busto, commemorativa del poeta e compositore kazako Abai Kunanbaev, si \u00e8 svolta il 2 giugno nel Parco della Citt\u00e0 Il vicesindaco Mikl\u00f3s Csom\u00f3s ha tenuto un discorso durante la cerimonia, nell&#8217;ambito del quale una parte del viale V\u00e1rosligeti \u00e8 stata chiamata strada Astana, riferisce budapest.hu. Il sito ufficiale di Budapest [&hellip;]<\/p>\n","protected":false},"author":2,"featured_media":737449,"comment_status":"open","ping_status":"open","sticky":false,"template":"","format":"standard","meta":{"_display_image":"","footnotes":""},"categories":[1304],"tags":[1157,1158],"class_list":["post-737448","post","type-post","status-publish","format-standard","has-post-thumbnail","hentry","category-cultura-in-ungheria","tag-asia","tag-budapest"],"blocksy_meta":[],"author_username":"alk","telegram_post":"","public_post_metadata":{"breaking_news":"","important":"","csempe":"","center_tile":"","disable_thumbnail":"","target_lang":"","_featured_image_style":"","telegram_post":"","_xlat_group_id":""},"public_rank_math_data":{"title":"%titolo% %sep% %nomesito%","description":"","focus_keyword":"","canonical_url":"","robots":"","primary_category":"1304","breadcrumb_title":"","facebook_title":"","facebook_description":"","facebook_image":"","facebook_image_id":"","twitter_title":"","twitter_description":"","twitter_image":"","twitter_image_id":"","twitter_card_type":"","twitter_use_facebook":"","advanced_robots":"","pillar_content":"","seo_score":"","contentai_score":"","rich_snippet":""},"_links":{"self":[{"href":"https:\/\/dailynewshungary.com\/it\/wp-json\/wp\/v2\/posts\/737448","targetHints":{"allow":["GET"]}}],"collection":[{"href":"https:\/\/dailynewshungary.com\/it\/wp-json\/wp\/v2\/posts"}],"about":[{"href":"https:\/\/dailynewshungary.com\/it\/wp-json\/wp\/v2\/types\/post"}],"author":[{"embeddable":true,"href":"https:\/\/dailynewshungary.com\/it\/wp-json\/wp\/v2\/users\/2"}],"replies":[{"embeddable":true,"href":"https:\/\/dailynewshungary.com\/it\/wp-json\/wp\/v2\/comments?post=737448"}],"version-history":[{"count":0,"href":"https:\/\/dailynewshungary.com\/it\/wp-json\/wp\/v2\/posts\/737448\/revisions"}],"wp:featuredmedia":[{"embeddable":true,"href":"https:\/\/dailynewshungary.com\/it\/wp-json\/wp\/v2\/media\/737449"}],"wp:attachment":[{"href":"https:\/\/dailynewshungary.com\/it\/wp-json\/wp\/v2\/media?parent=737448"}],"wp:term":[{"taxonomy":"category","embeddable":true,"href":"https:\/\/dailynewshungary.com\/it\/wp-json\/wp\/v2\/categories?post=737448"},{"taxonomy":"post_tag","embeddable":true,"href":"https:\/\/dailynewshungary.com\/it\/wp-json\/wp\/v2\/tags?post=737448"}],"curies":[{"name":"wp","href":"https:\/\/api.w.org\/{rel}","templated":true}]}}