{"id":737504,"date":"2014-06-11T12:01:21","date_gmt":"2014-06-11T10:01:21","guid":{"rendered":"https:\/\/dailynewshungary.com\/it\/il-ministero-degli-affari-esteri-e-del-commercio-sara-piu-aperto-afferma-il-nuovo-ministro-degli-affari-esteri\/"},"modified":"2014-06-11T12:01:21","modified_gmt":"2014-06-11T10:01:21","slug":"il-ministero-degli-affari-esteri-e-del-commercio-sara-piu-aperto-afferma-il-nuovo-ministro-degli-affari-esteri","status":"publish","type":"post","link":"https:\/\/dailynewshungary.com\/it\/il-ministero-degli-affari-esteri-e-del-commercio-sara-piu-aperto-afferma-il-nuovo-ministro-degli-affari-esteri\/","title":{"rendered":"Il Ministero degli Affari Esteri e del Commercio sar\u00e0 pi\u00f9 aperto, afferma il Nuovo Ministro degli Affari Esteri"},"content":{"rendered":"<p><strong>(MTI) Basandosi sui pilastri della diplomazia classica, commerciale e culturale, il Ministero degli Affari Esteri e del Commercio rappresenter\u00e0 gli interessi nazionali dell&#8217;Ungheria in modo pi\u00f9 efficace, ha detto marted\u00ec Tibor Navracsics, il nuovo capo del ministero, a una tavola rotonda con la stampa.<\/strong><\/p>\n<p>Il ministero sar\u00e0 pi\u00f9 aperto e utilizzer\u00e0 nuovi canali di comunicazione come il proprio sito Facebook lanciato venerd\u00ec, ha affermato.<\/p>\n<p>La diplomazia commerciale diventer\u00e0 pi\u00f9 centrale nei compiti del ministero e sosterr\u00e0 la diplomazia classica e culturale invece di metterli in ombra, ha aggiunto.<\/p>\n<p>Navracsics, che venerd\u00ec scorso ha prestato giuramento per prestare servizio nel terzo governo Orban, ha presentato i suoi candidati a segretari di stato.<\/p>\n<p>Peter Szijjarto, finora capo commerciale del gabinetto previsto per la carica di segretario di stato parlamentare, ha affermato che il ministero ristrutturato \u00e8 la risposta pi\u00f9 appropriata al nuovo ordine mondiale.<\/p>\n<p>Monika Balatoni, candidata a segretario di Stato responsabile della diplomazia culturale, ha definito la cultura una risorsa non sfruttata per sostenere vari settori dell&#8217;economia.<\/p>\n<p>Eniko Gyori, che rester\u00e0 segretaria di Stato per gli affari europei, ha affermato di rappresentare la continuit\u00e0.<\/p>\n<p>Laszlo Szabo, candidato alla carica di segretario di Stato al commercio, ha dichiarato che lavorer\u00e0 per rappresentare gli interessi nazionali ed economici dell&#8217;Ungheria e per incrementare le esportazioni e gli investimenti del paese.<\/p>\n<p>Istvan Mikola, candidato alla carica di segretario di Stato responsabile della cooperazione internazionale, ha osservato di aver lavorato come ministro della sanit\u00e0 e funzionario dell&#8217;OCSE, aggiungendo che vorrebbe rafforzare l&#8217;immagine dell&#8217;Ungheria all&#8217;estero.<\/p>\n<p>Marcell Biro, candidato a segretario di stato amministrativo, ha detto che gli sar\u00e0 affidato il compito di integrare i due pilastri dell&#8217;economia esterna e della diplomazia classica.<\/p>\n<p><em>Foto: MTI \u2013 Lajos Soos<\/em><\/p>\n","protected":false},"excerpt":{"rendered":"<p>(MTI) Basandosi sui pilastri della diplomazia classica, commerciale e culturale, il Ministero degli Affari Esteri e del Commercio rappresenter\u00e0 gli interessi nazionali dell&#8217;Ungheria in modo pi\u00f9 efficace, ha detto marted\u00ec Tibor Navracsics, il nuovo capo del ministero, a una tavola rotonda con la stampa. Il ministero sar\u00e0 pi\u00f9 aperto e utilizzer\u00e0 nuovi canali di comunicazione [&hellip;]<\/p>\n","protected":false},"author":2,"featured_media":737505,"comment_status":"open","ping_status":"open","sticky":false,"template":"","format":"standard","meta":{"_display_image":"","footnotes":""},"categories":[1185],"tags":[1092],"class_list":["post-737504","post","type-post","status-publish","format-standard","has-post-thumbnail","hentry","category-politica-in-ungheria","tag-ministero-degli-affari-esteri-dellungheria"],"blocksy_meta":[],"author_username":"alk","telegram_post":"","public_post_metadata":{"breaking_news":"","important":"","csempe":"","center_tile":"","disable_thumbnail":"","target_lang":"","_featured_image_style":"","telegram_post":"","_xlat_group_id":""},"public_rank_math_data":{"title":"%titolo% %sep% %nomesito%","description":"","focus_keyword":"","canonical_url":"","robots":"","primary_category":"1185","breadcrumb_title":"","facebook_title":"","facebook_description":"","facebook_image":"","facebook_image_id":"","twitter_title":"","twitter_description":"","twitter_image":"","twitter_image_id":"","twitter_card_type":"","twitter_use_facebook":"","advanced_robots":"","pillar_content":"","seo_score":"","contentai_score":"","rich_snippet":""},"_links":{"self":[{"href":"https:\/\/dailynewshungary.com\/it\/wp-json\/wp\/v2\/posts\/737504","targetHints":{"allow":["GET"]}}],"collection":[{"href":"https:\/\/dailynewshungary.com\/it\/wp-json\/wp\/v2\/posts"}],"about":[{"href":"https:\/\/dailynewshungary.com\/it\/wp-json\/wp\/v2\/types\/post"}],"author":[{"embeddable":true,"href":"https:\/\/dailynewshungary.com\/it\/wp-json\/wp\/v2\/users\/2"}],"replies":[{"embeddable":true,"href":"https:\/\/dailynewshungary.com\/it\/wp-json\/wp\/v2\/comments?post=737504"}],"version-history":[{"count":0,"href":"https:\/\/dailynewshungary.com\/it\/wp-json\/wp\/v2\/posts\/737504\/revisions"}],"wp:featuredmedia":[{"embeddable":true,"href":"https:\/\/dailynewshungary.com\/it\/wp-json\/wp\/v2\/media\/737505"}],"wp:attachment":[{"href":"https:\/\/dailynewshungary.com\/it\/wp-json\/wp\/v2\/media?parent=737504"}],"wp:term":[{"taxonomy":"category","embeddable":true,"href":"https:\/\/dailynewshungary.com\/it\/wp-json\/wp\/v2\/categories?post=737504"},{"taxonomy":"post_tag","embeddable":true,"href":"https:\/\/dailynewshungary.com\/it\/wp-json\/wp\/v2\/tags?post=737504"}],"curies":[{"name":"wp","href":"https:\/\/api.w.org\/{rel}","templated":true}]}}