{"id":737556,"date":"2014-06-07T12:01:14","date_gmt":"2014-06-07T10:01:14","guid":{"rendered":"https:\/\/dailynewshungary.com\/it\/il-nuovo-ministro-degli-esteri-nomina-i-segretari-di-stato\/"},"modified":"2014-06-07T12:01:14","modified_gmt":"2014-06-07T10:01:14","slug":"il-nuovo-ministro-degli-esteri-nomina-i-segretari-di-stato","status":"publish","type":"post","link":"https:\/\/dailynewshungary.com\/it\/il-nuovo-ministro-degli-esteri-nomina-i-segretari-di-stato\/","title":{"rendered":"Il nuovo ministro degli Esteri nomina i segretari di Stato"},"content":{"rendered":"<p><strong>(MTI) Tibor Navracsics, ministro ungherese degli affari esteri e dell&#8217;economia esterna, ha nominato i suoi candidati per incarichi di segreteria di Stato nel suo ministero.<\/strong><\/p>\n<p>Parlando su InfoRadio commerciale venerd\u00ec sera, Navracsics ha detto che proporr\u00e0 al primo ministro Monika Balatoni come segretario di stato responsabile della diplomazia culturale, Eniko Gyori degli affari dell&#8217;UE, Marcell Biro per la pubblica amministrazione, Peter Szijjarto come segretario di stato parlamentare, Istvan Mikola segretario di stato responsabile della cooperazione internazionale, nonch\u00e9 Laszlo Szabo per l&#8217;economia esterna.<\/p>\n<p>Per quanto riguarda la politica estera dell&#8217;Ungheria, Navracsics ha affermato che il paese deve costruire alleanze attorno ad essa in un raggio crescente. Ha affermato che l&#8217;apertura del governo alla strategia est non deve comportare la chiusura della rotta ovest e ha aggiunto che l&#8217;Ungheria ha bisogno di alleati all&#8217;interno dell&#8217;Unione Europea insieme che il paese potrebbe moltiplicare la sua forza\u201d.<\/p>\n<p>Il ministro ha detto che continuer\u00e0 la cooperazione con gli altri membri del gruppo di Visegrad, ed estender\u00e0 tale cooperazione alla Slovenia, alla Croazia e ai paesi dei Balcani.<\/p>\n<p>Navracsics ha detto che mercoled\u00ec far\u00e0 la sua prima visita ministeriale all&#8217;estero in Slovenia e poi, procedendo in senso antiorario, incontrer\u00e0 i suoi omologhi in tutti i paesi vicini.<\/p>\n<p>D&#8217;altro canto, Navracsics ha affermato che l&#8217;Ungheria \u00e8 interessata alla nomina del prossimo presidente della Commissione europea da parte del Consiglio europeo, piuttosto che alla nomina da parte del Parlamento europeo.<\/p>\n<p>Navracsics \u00e8 stato nominato ministro degli Esteri del 3\u00b0 governo Orban venerd\u00ec scorso.<\/p>\n<p><em>Foto: MTI \u2013 Laszlo Belicz<\/em><\/p>\n","protected":false},"excerpt":{"rendered":"<p>(MTI) Tibor Navracsics, ministro ungherese degli affari esteri e dell&#8217;economia esterna, ha nominato i suoi candidati per incarichi di segreteria di Stato nel suo ministero. Parlando su InfoRadio commerciale venerd\u00ec sera, Navracsics ha detto che proporr\u00e0 al primo ministro Monika Balatoni come segretario di stato responsabile della diplomazia culturale, Eniko Gyori degli affari dell&#8217;UE, Marcell [&hellip;]<\/p>\n","protected":false},"author":2,"featured_media":737557,"comment_status":"open","ping_status":"open","sticky":false,"template":"","format":"standard","meta":{"_display_image":"","footnotes":""},"categories":[1185],"tags":[1092],"class_list":["post-737556","post","type-post","status-publish","format-standard","has-post-thumbnail","hentry","category-politica-in-ungheria","tag-ministero-degli-affari-esteri-dellungheria"],"blocksy_meta":[],"author_username":"alk","telegram_post":"","public_post_metadata":{"breaking_news":"","important":"","csempe":"","center_tile":"","disable_thumbnail":"","target_lang":"","_featured_image_style":"","telegram_post":"","_xlat_group_id":""},"public_rank_math_data":{"title":"%titolo% %sep% %nomesito%","description":"","focus_keyword":"","canonical_url":"","robots":"","primary_category":"1185","breadcrumb_title":"","facebook_title":"","facebook_description":"","facebook_image":"","facebook_image_id":"","twitter_title":"","twitter_description":"","twitter_image":"","twitter_image_id":"","twitter_card_type":"","twitter_use_facebook":"","advanced_robots":"","pillar_content":"","seo_score":"","contentai_score":"","rich_snippet":""},"_links":{"self":[{"href":"https:\/\/dailynewshungary.com\/it\/wp-json\/wp\/v2\/posts\/737556","targetHints":{"allow":["GET"]}}],"collection":[{"href":"https:\/\/dailynewshungary.com\/it\/wp-json\/wp\/v2\/posts"}],"about":[{"href":"https:\/\/dailynewshungary.com\/it\/wp-json\/wp\/v2\/types\/post"}],"author":[{"embeddable":true,"href":"https:\/\/dailynewshungary.com\/it\/wp-json\/wp\/v2\/users\/2"}],"replies":[{"embeddable":true,"href":"https:\/\/dailynewshungary.com\/it\/wp-json\/wp\/v2\/comments?post=737556"}],"version-history":[{"count":0,"href":"https:\/\/dailynewshungary.com\/it\/wp-json\/wp\/v2\/posts\/737556\/revisions"}],"wp:featuredmedia":[{"embeddable":true,"href":"https:\/\/dailynewshungary.com\/it\/wp-json\/wp\/v2\/media\/737557"}],"wp:attachment":[{"href":"https:\/\/dailynewshungary.com\/it\/wp-json\/wp\/v2\/media?parent=737556"}],"wp:term":[{"taxonomy":"category","embeddable":true,"href":"https:\/\/dailynewshungary.com\/it\/wp-json\/wp\/v2\/categories?post=737556"},{"taxonomy":"post_tag","embeddable":true,"href":"https:\/\/dailynewshungary.com\/it\/wp-json\/wp\/v2\/tags?post=737556"}],"curies":[{"name":"wp","href":"https:\/\/api.w.org\/{rel}","templated":true}]}}